{"id":2025,"date":"2016-06-23T18:42:27","date_gmt":"2016-06-23T21:42:27","guid":{"rendered":"https:\/\/blogs.correiobraziliense.com.br\/servidor\/?p=2025"},"modified":"2016-06-23T18:42:27","modified_gmt":"2016-06-23T21:42:27","slug":"mre-mobilizacao-dos-funcionarios-do-itamaraty","status":"publish","type":"post","link":"https:\/\/blogs.correiobraziliense.com.br\/servidor\/mre-mobilizacao-dos-funcionarios-do-itamaraty\/","title":{"rendered":"MRE &#8211; Mobiliza\u00e7\u00e3o dos funcion\u00e1rios do Itamaraty"},"content":{"rendered":"<p><em>Por meio de nota, o Minist\u00e9rio de Rela\u00e7\u00f5es Exteriores informou que negociou com o Planejamento a libera\u00e7\u00e3o de cr\u00e9ditos or\u00e7ament\u00e1rios adicionais, no total de R$ 580 milh\u00f5es para regularizar os pagamentos do aux\u00edlio-moradia<\/em><\/p>\n<p>Veja a nota na \u00edntegra:<\/p>\n<p>&#8220;Sobre a mobiliza\u00e7\u00e3o convocada para hoje pelo Sindicato Nacional dos Servidores do Minist\u00e9rio das Rela\u00e7\u00f5es Exteriores (Sinditamaraty), o Minist\u00e9rio das Rela\u00e7\u00f5es Exteriores (MRE) apresenta os seguintes coment\u00e1rios a respeito das reivindica\u00e7\u00f5es de seus funcion\u00e1rios:<\/p>\n<p>&#8211; A altera\u00e7\u00e3o da f\u00f3rmula de c\u00e1lculo do 13\u00ba sal\u00e1rio dos servidores do MRE lotados no exterior decorreu de parecer t\u00e9cnico da Secretaria de Or\u00e7amento Federal e de parecer da Consultoria Jur\u00eddica do Minist\u00e9rio do Planejamento, Desenvolvimento e Gest\u00e3o (MP). A Secretaria de Or\u00e7amento Federal fixou entendimento a respeito desses pagamentos para o or\u00e7amento de 2016. O MRE est\u00e1 questionando essa argumenta\u00e7\u00e3o pelos meios cab\u00edveis.<\/p>\n<p>&#8211; A negocia\u00e7\u00e3o do reajuste salarial \u00e9 conduzida pelo Minist\u00e9rio do Planejamento diretamente com as entidades de classe. No caso do MRE, a negocia\u00e7\u00e3o \u00e9 feita com o Sinditamaraty. Cabe ao Sindicato a negocia\u00e7\u00e3o em nome dos integrantes do Servi\u00e7o Exterior Brasileiro.<\/p>\n<p>&#8211; Sobre o pagamento do aux\u00edlio-moradia no exterior, esclarecemos que o MRE, de fato, vem enfrentando dificuldades para manter o pagamento regular do aux\u00edlio-moradia aos servidores no exterior em decorr\u00eancia de severas restri\u00e7\u00f5es or\u00e7ament\u00e1rio-financeiras. O Minist\u00e9rio negociou a libera\u00e7\u00e3o de cr\u00e9ditos or\u00e7ament\u00e1rios adicionais, no total de R$ 580.000.000,00, valor aberto no or\u00e7amento por meio da publica\u00e7\u00e3o, no Di\u00e1rio Oficial da Uni\u00e3o de hoje, 23 de junho, da Portaria n\u00ba 187 do Minist\u00e9rio do Planejamento, Desenvolvimento e Gest\u00e3o (MP). A partir da libera\u00e7\u00e3o de tais recursos por parte do Tesouro Nacional, os pagamentos dever\u00e3o ser\u00e3o regularizados.<\/p>\n<p>&#8211; Quanto ao reenquadramento dos subs\u00eddios no Brasil, e ap\u00f3s negocia\u00e7\u00f5es internas entre a Administra\u00e7\u00e3o do MRE e as entidades representativas de classe dos servidores, foi encaminhada ao MP proposta de reenquadramento das carreiras do Servi\u00e7o Exterior Brasileiro. O MRE tem reiterado \u00e0s autoridades competentes seu pedido de que sejam abertas discuss\u00f5es sobre o tema.&#8221;<\/p>\n","protected":false},"excerpt":{"rendered":"<p>Por meio de nota, o Minist\u00e9rio de Rela\u00e7\u00f5es Exteriores informou que negociou com o Planejamento a libera\u00e7\u00e3o de cr\u00e9ditos or\u00e7ament\u00e1rios adicionais, no total de R$ 580 milh\u00f5es para regularizar os pagamentos do aux\u00edlio-moradia Veja a nota na \u00edntegra: &#8220;Sobre a mobiliza\u00e7\u00e3o convocada para hoje pelo Sindicato Nacional dos Servidores do Minist\u00e9rio das Rela\u00e7\u00f5es Exteriores (Sinditamaraty), o Minist\u00e9rio das Rela\u00e7\u00f5es Exteriores [&hellip;]<\/p>\n","protected":false},"author":27,"featured_media":0,"comment_status":"open","ping_status":"closed","sticky":false,"template":"","format":"standard","meta":{"footnotes":""},"categories":[1],"tags":[2484,343,1839,1341,1869,481,2126,2483,3,2485],"class_list":["post-2025","post","type-post","status-publish","format-standard","hentry","category-sem-categoria","tag-adicionais","tag-auxilio-moradia","tag-creditos","tag-funcionarios","tag-itamaraty","tag-mobilizacao","tag-mre","tag-negociou","tag-planejamento","tag-regularizar"],"_links":{"self":[{"href":"https:\/\/blogs.correiobraziliense.com.br\/servidor\/wp-json\/wp\/v2\/posts\/2025","targetHints":{"allow":["GET"]}}],"collection":[{"href":"https:\/\/blogs.correiobraziliense.com.br\/servidor\/wp-json\/wp\/v2\/posts"}],"about":[{"href":"https:\/\/blogs.correiobraziliense.com.br\/servidor\/wp-json\/wp\/v2\/types\/post"}],"author":[{"embeddable":true,"href":"https:\/\/blogs.correiobraziliense.com.br\/servidor\/wp-json\/wp\/v2\/users\/27"}],"replies":[{"embeddable":true,"href":"https:\/\/blogs.correiobraziliense.com.br\/servidor\/wp-json\/wp\/v2\/comments?post=2025"}],"version-history":[{"count":1,"href":"https:\/\/blogs.correiobraziliense.com.br\/servidor\/wp-json\/wp\/v2\/posts\/2025\/revisions"}],"predecessor-version":[{"id":2026,"href":"https:\/\/blogs.correiobraziliense.com.br\/servidor\/wp-json\/wp\/v2\/posts\/2025\/revisions\/2026"}],"wp:attachment":[{"href":"https:\/\/blogs.correiobraziliense.com.br\/servidor\/wp-json\/wp\/v2\/media?parent=2025"}],"wp:term":[{"taxonomy":"category","embeddable":true,"href":"https:\/\/blogs.correiobraziliense.com.br\/servidor\/wp-json\/wp\/v2\/categories?post=2025"},{"taxonomy":"post_tag","embeddable":true,"href":"https:\/\/blogs.correiobraziliense.com.br\/servidor\/wp-json\/wp\/v2\/tags?post=2025"}],"curies":[{"name":"wp","href":"https:\/\/api.w.org\/{rel}","templated":true}]}}