{"id":20240,"date":"2021-07-27T22:27:22","date_gmt":"2021-07-28T01:27:22","guid":{"rendered":"https:\/\/blogs.correiobraziliense.com.br\/servidor\/?p=20240"},"modified":"2021-07-27T22:27:22","modified_gmt":"2021-07-28T01:27:22","slug":"angra-3-consorcio-vencedor-tem-nomes-mencionados-em-queda-de-viaduto","status":"publish","type":"post","link":"https:\/\/blogs.correiobraziliense.com.br\/servidor\/angra-3-consorcio-vencedor-tem-nomes-mencionados-em-queda-de-viaduto\/","title":{"rendered":"Angra 3: cons\u00f3rcio vencedor tem nomes mencionados em queda de viaduto"},"content":{"rendered":"<p><em><strong>Recursos est\u00e3o sendo analisados desde ontem (26\/7). O assunto foi divulgado pelo <a href=\"https:\/\/taniamalheiros-jornalista.blogspot.com\/\">Blog da jornalista Tania Malheiros<\/a>. Ela informa que virou motivo de preocupa\u00e7\u00e3o e piada entre alguns especialistas do setor nuclear a composi\u00e7\u00e3o do cons\u00f3cio de empresas que venceu a sess\u00e3o p\u00fablica de sexta-feira (23\/7) para tocar as obras civis e a montagem eletromec\u00e2nica da usina nuclear Angra 3, em Angra dos Reis, paradas desde 2015<\/strong><\/em><\/p>\n<p><img loading=\"lazy\" decoding=\"async\" class=\"size-full wp-image-20241 aligncenter\" src=\"https:\/\/blogs.correiobraziliense.com.br\/servidor\/wp-content\/uploads\/sites\/10\/2021\/07\/ANGRA-3-FOTO-ABDAN-22-07-2021.png\" alt=\"\" width=\"750\" height=\"350\" \/><\/p>\n<p><span style=\"font-weight: 400\">Os que entendem do assunto garantem que foi um tremendo \u201cmico\u201d, porque o cons\u00f3rcio composto por Ferreira Guedes, Matricial e ADtranz, vencedor, n\u00e3o tem experi\u00eancia na \u00e1rea nuclear, al\u00e9m de outros problemas, como cita\u00e7\u00e3o na Lava Jato (\u201copera\u00e7\u00e3o abismo\u201d) e obras de um viaduto que desabou em Fortaleza em 2016, por exemplo.\u00a0<\/span><\/p>\n<p style=\"font-weight: 400\">Com a sua imagem t\u00e3o desgastada durante anos, com a pris\u00e3o e depois libera\u00e7\u00e3o do ent\u00e3o presidente da Eletronuclear, contra-almirante Othon Luiz Pinheiro da Silva, por den\u00fancias de corrup\u00e7\u00e3o na Lava Jato, o processo de licita\u00e7\u00e3o de Angra 3 poderia ter sido realizado com mais cautela, comentaram especialistas.<\/p>\n<p style=\"font-weight: 400\">O lance vencedor foi de R$ 292 milh\u00f5es, o que representa um des\u00e1gio de aproximadamente 16% em rela\u00e7\u00e3o ao valor de refer\u00eancia estabelecido pela Eletronuclear. No total, duas companhias e cinco cons\u00f3rcios participaram da sess\u00e3o de abertura das propostas, realizada em 29 de junho.<\/p>\n<p style=\"font-weight: 400\">\n<p style=\"font-weight: 400\">FOTO: Angra 3 &#8211; Acervo Eletronuclear.<\/p>\n","protected":false},"excerpt":{"rendered":"<p>Recursos est\u00e3o sendo analisados desde ontem (26\/7). O assunto foi divulgado pelo Blog da jornalista Tania Malheiros. Ela informa que virou motivo de preocupa\u00e7\u00e3o e piada entre alguns especialistas do setor nuclear a composi\u00e7\u00e3o do cons\u00f3cio de empresas que venceu a sess\u00e3o p\u00fablica de sexta-feira (23\/7) para tocar as obras civis e a montagem eletromec\u00e2nica da usina nuclear Angra 3, [&hellip;]<\/p>\n","protected":false},"author":27,"featured_media":0,"comment_status":"open","ping_status":"closed","sticky":false,"template":"","format":"standard","meta":{"footnotes":""},"categories":[2719],"tags":[8366,8967,205,8362,390,283,3704,10929,8365,2686,1038,1157,147,2227,4174,19148],"class_list":["post-20240","post","type-post","status-publish","format-standard","hentry","category-servidor","tag-angra-3","tag-consorcio","tag-corrupcao","tag-eletronuclear","tag-empresas","tag-lava-jato","tag-licitacao","tag-montagem","tag-nuclear","tag-obras","tag-prisao","tag-processo","tag-publica","tag-sessao","tag-vencedor","tag-viaduto"],"_links":{"self":[{"href":"https:\/\/blogs.correiobraziliense.com.br\/servidor\/wp-json\/wp\/v2\/posts\/20240","targetHints":{"allow":["GET"]}}],"collection":[{"href":"https:\/\/blogs.correiobraziliense.com.br\/servidor\/wp-json\/wp\/v2\/posts"}],"about":[{"href":"https:\/\/blogs.correiobraziliense.com.br\/servidor\/wp-json\/wp\/v2\/types\/post"}],"author":[{"embeddable":true,"href":"https:\/\/blogs.correiobraziliense.com.br\/servidor\/wp-json\/wp\/v2\/users\/27"}],"replies":[{"embeddable":true,"href":"https:\/\/blogs.correiobraziliense.com.br\/servidor\/wp-json\/wp\/v2\/comments?post=20240"}],"version-history":[{"count":1,"href":"https:\/\/blogs.correiobraziliense.com.br\/servidor\/wp-json\/wp\/v2\/posts\/20240\/revisions"}],"predecessor-version":[{"id":20242,"href":"https:\/\/blogs.correiobraziliense.com.br\/servidor\/wp-json\/wp\/v2\/posts\/20240\/revisions\/20242"}],"wp:attachment":[{"href":"https:\/\/blogs.correiobraziliense.com.br\/servidor\/wp-json\/wp\/v2\/media?parent=20240"}],"wp:term":[{"taxonomy":"category","embeddable":true,"href":"https:\/\/blogs.correiobraziliense.com.br\/servidor\/wp-json\/wp\/v2\/categories?post=20240"},{"taxonomy":"post_tag","embeddable":true,"href":"https:\/\/blogs.correiobraziliense.com.br\/servidor\/wp-json\/wp\/v2\/tags?post=20240"}],"curies":[{"name":"wp","href":"https:\/\/api.w.org\/{rel}","templated":true}]}}