{"id":20225,"date":"2021-07-26T15:38:20","date_gmt":"2021-07-26T18:38:20","guid":{"rendered":"https:\/\/blogs.correiobraziliense.com.br\/servidor\/?p=20225"},"modified":"2021-07-26T15:38:20","modified_gmt":"2021-07-26T18:38:20","slug":"chapa-apoiada-por-federacao-de-bancarios-da-caixa-vence-eleicao-para-conselhos-da-funcef","status":"publish","type":"post","link":"https:\/\/blogs.correiobraziliense.com.br\/servidor\/chapa-apoiada-por-federacao-de-bancarios-da-caixa-vence-eleicao-para-conselhos-da-funcef\/","title":{"rendered":"Chapa apoiada por federa\u00e7\u00e3o de banc\u00e1rios da Caixa vence elei\u00e7\u00e3o para conselhos da Funcef"},"content":{"rendered":"<p><em><strong>\u201cA Funcef \u00e9 dos participantes\u201d ganha disputa por conselhos Deliberativo e Fiscal da Funda\u00e7\u00e3o dos Economi\u00e1rios Federais (Funcef), o fundo de pens\u00e3o dos empregados da Caixa Econ\u00f4mica Federal. Dos 35.580 votos registrados no pleito, 19.719 foram confirmados \u00e0 grande vencedora, que contou com apoio da Federa\u00e7\u00e3o Nacional das Associa\u00e7\u00f5es do Pessoal da Caixa (Fenae) e de outras entidades representativas dos empregados do banco p\u00fablico<\/strong><\/em><\/p>\n<figure id=\"attachment_20226\" aria-describedby=\"caption-attachment-20226\" style=\"width: 600px\" class=\"wp-caption alignright\"><img loading=\"lazy\" decoding=\"async\" class=\"size-full wp-image-20226\" src=\"https:\/\/blogs.correiobraziliense.com.br\/servidor\/wp-content\/uploads\/sites\/10\/2021\/07\/FUNCEF.jpg\" alt=\"\" width=\"600\" height=\"400\" \/><figcaption id=\"caption-attachment-20226\" class=\"wp-caption-text\">FOTO: AUGUSTO COELHO\/PHOTOETICA<\/figcaption><\/figure>\n<p>Em primeiro turno, a Chapa 1 \u2014 \u201cA Funcef \u00e9 dos participantes\u201d \u2014 foi eleita para os Conselhos Deliberativo e Fiscal da Funda\u00e7\u00e3o dos Economi\u00e1rios Federais (Funcef), o fundo de pens\u00e3o dos empregados da Caixa Econ\u00f4mica Federal. O resultado da vota\u00e7\u00e3o terminou na noite deste s\u00e1bado (24). O pleito durou tr\u00eas dias, registrando um total de 35.580 votos, com 19.719 para a chapa vencedora (mais de 55% dos votos), apoiada pela Federa\u00e7\u00e3o Nacional das Associa\u00e7\u00f5es do Pessoal da Caixa (Fenae).<\/p>\n<p>\u201cA Funcef \u00e9 dos participantes\u201d chegou ao primeiro lugar defendendo que a Funda\u00e7\u00e3o seja mais representativa e tenha mais transpar\u00eancia, governan\u00e7a e futuro s\u00f3lido. Al\u00e9m da Fenae, a Chapa 1 recebeu o apoio de outras entidades representativas dos trabalhadores da Caixa Econ\u00f4mica. \u201cFormada por empregados ativos e assistidos, com vasta experi\u00eancia e conhecedores da Funcef e dos planos de previd\u00eancia, a chapa vencedora representa os anseios dos participantes aposentados e ativos e o caminho para a constru\u00e7\u00e3o de uma sociedade mais justa e democr\u00e1tica\u201d, comemora o presidente da Fenae, Sergio Takemoto.<\/p>\n<p>Para o Conselho Deliberativo, foram eleitos Nilson Alexandre de Moura Junior (titular) e Maria de Jesus Dem\u00e9trio Gaia (suplente). E para o Conselho Fiscal, Heitor Menegale (titular) e Valter San Martin Ribeiro (suplente). As chapas \u201cFuncef com Futuro\u201d e \u201cTerceira Via\u201d receberam, respectivamente, 12.380 e 3.317 votos.<\/p>\n","protected":false},"excerpt":{"rendered":"<p>\u201cA Funcef \u00e9 dos participantes\u201d ganha disputa por conselhos Deliberativo e Fiscal da Funda\u00e7\u00e3o dos Economi\u00e1rios Federais (Funcef), o fundo de pens\u00e3o dos empregados da Caixa Econ\u00f4mica Federal. Dos 35.580 votos registrados no pleito, 19.719 foram confirmados \u00e0 grande vencedora, que contou com apoio da Federa\u00e7\u00e3o Nacional das Associa\u00e7\u00f5es do Pessoal da Caixa (Fenae) e de outras entidades representativas dos [&hellip;]<\/p>\n","protected":false},"author":27,"featured_media":0,"comment_status":"open","ping_status":"closed","sticky":false,"template":"","format":"standard","meta":{"footnotes":""},"categories":[2719],"tags":[1149,2029,106,891,16335,1020,2349,19,5829],"class_list":["post-20225","post","type-post","status-publish","format-standard","hentry","category-servidor","tag-caixa","tag-conselho","tag-eleicao","tag-empregados","tag-fenae","tag-funcef","tag-fundo-de-pensao","tag-trabalhadores","tag-votos"],"_links":{"self":[{"href":"https:\/\/blogs.correiobraziliense.com.br\/servidor\/wp-json\/wp\/v2\/posts\/20225","targetHints":{"allow":["GET"]}}],"collection":[{"href":"https:\/\/blogs.correiobraziliense.com.br\/servidor\/wp-json\/wp\/v2\/posts"}],"about":[{"href":"https:\/\/blogs.correiobraziliense.com.br\/servidor\/wp-json\/wp\/v2\/types\/post"}],"author":[{"embeddable":true,"href":"https:\/\/blogs.correiobraziliense.com.br\/servidor\/wp-json\/wp\/v2\/users\/27"}],"replies":[{"embeddable":true,"href":"https:\/\/blogs.correiobraziliense.com.br\/servidor\/wp-json\/wp\/v2\/comments?post=20225"}],"version-history":[{"count":1,"href":"https:\/\/blogs.correiobraziliense.com.br\/servidor\/wp-json\/wp\/v2\/posts\/20225\/revisions"}],"predecessor-version":[{"id":20227,"href":"https:\/\/blogs.correiobraziliense.com.br\/servidor\/wp-json\/wp\/v2\/posts\/20225\/revisions\/20227"}],"wp:attachment":[{"href":"https:\/\/blogs.correiobraziliense.com.br\/servidor\/wp-json\/wp\/v2\/media?parent=20225"}],"wp:term":[{"taxonomy":"category","embeddable":true,"href":"https:\/\/blogs.correiobraziliense.com.br\/servidor\/wp-json\/wp\/v2\/categories?post=20225"},{"taxonomy":"post_tag","embeddable":true,"href":"https:\/\/blogs.correiobraziliense.com.br\/servidor\/wp-json\/wp\/v2\/tags?post=20225"}],"curies":[{"name":"wp","href":"https:\/\/api.w.org\/{rel}","templated":true}]}}