{"id":20217,"date":"2021-07-23T16:00:10","date_gmt":"2021-07-23T19:00:10","guid":{"rendered":"https:\/\/blogs.correiobraziliense.com.br\/servidor\/?p=20217"},"modified":"2021-07-23T16:00:10","modified_gmt":"2021-07-23T19:00:10","slug":"sitraemg-faz-campanha-contra-a-reforma-administrativa","status":"publish","type":"post","link":"https:\/\/blogs.correiobraziliense.com.br\/servidor\/sitraemg-faz-campanha-contra-a-reforma-administrativa\/","title":{"rendered":"Sitraemg faz campanha contra a reforma administrativa"},"content":{"rendered":"<p><em><strong>O Sindicato dos Trabalhadores do Poder Judici\u00e1rio Federal no Estado de Minas Gerais (Sitraemg) est\u00e1 investindo com for\u00e7a em campanha contra a reforma administrativa<\/strong><\/em><\/p>\n<p><img loading=\"lazy\" decoding=\"async\" class=\"alignright size-large wp-image-20218\" src=\"https:\/\/blogs.correiobraziliense.com.br\/servidor\/wp-content\/uploads\/sites\/10\/2021\/07\/SITRAEMG-REFORMA-ADMINISTRATIVA-1024x576.png\" alt=\"\" width=\"1024\" height=\"576\" srcset=\"https:\/\/blogs.correiobraziliense.com.br\/servidor\/wp-content\/uploads\/sites\/10\/2021\/07\/SITRAEMG-REFORMA-ADMINISTRATIVA-1024x576.png 1024w, https:\/\/blogs.correiobraziliense.com.br\/servidor\/wp-content\/uploads\/sites\/10\/2021\/07\/SITRAEMG-REFORMA-ADMINISTRATIVA-300x169.png 300w, https:\/\/blogs.correiobraziliense.com.br\/servidor\/wp-content\/uploads\/sites\/10\/2021\/07\/SITRAEMG-REFORMA-ADMINISTRATIVA-768x432.png 768w, https:\/\/blogs.correiobraziliense.com.br\/servidor\/wp-content\/uploads\/sites\/10\/2021\/07\/SITRAEMG-REFORMA-ADMINISTRATIVA-1440x810.png 1440w, https:\/\/blogs.correiobraziliense.com.br\/servidor\/wp-content\/uploads\/sites\/10\/2021\/07\/SITRAEMG-REFORMA-ADMINISTRATIVA-800x450.png 800w, https:\/\/blogs.correiobraziliense.com.br\/servidor\/wp-content\/uploads\/sites\/10\/2021\/07\/SITRAEMG-REFORMA-ADMINISTRATIVA-550x309.png 550w, https:\/\/blogs.correiobraziliense.com.br\/servidor\/wp-content\/uploads\/sites\/10\/2021\/07\/SITRAEMG-REFORMA-ADMINISTRATIVA-230x129.png 230w, https:\/\/blogs.correiobraziliense.com.br\/servidor\/wp-content\/uploads\/sites\/10\/2021\/07\/SITRAEMG-REFORMA-ADMINISTRATIVA.png 1920w\" sizes=\"auto, (max-width: 1024px) 100vw, 1024px\" \/><\/p>\n<p>Como parte da campanha \u201cQuem Faz o Brasil\u201d, nas pr\u00f3ximas semanas, todo o Estado receber\u00e1 ao todo 60 outdoors, cujas mensagens atingir\u00e3o diretamente os deputados federais favor\u00e1veis e os que ainda n\u00e3o declararam posicionamento \u00e0 PEC 32\/2020, em tramita\u00e7\u00e3o no Congresso.<\/p>\n<p>\u201cAs reais inten\u00e7\u00f5es desta PEC \u2013 que s\u00e3o aumentar o poder dos governantes e esvaziar os direitos da popula\u00e7\u00e3o &#8211; j\u00e1 est\u00e3o sendo desmascaradas. Agora, como sociedade, precisamos cobrar que nossos parlamentares ajam para proteger os interesses dos cidad\u00e3os brasileiros, e n\u00e3o em causa pr\u00f3pria\u201d, defende Isaac Lima, coordenador-geral do Sitraemg.<\/p>\n<p>Al\u00e9m dos outdoors, a campanha ter\u00e1 veicula\u00e7\u00e3o em televis\u00e3o aberta e fechada \u2013 regionalmente e nacionalmente &#8211; r\u00e1dios de todo o Estado, al\u00e9m das redes sociais do Sitraemg e do hotsite quemfazobrasil.com.br.<\/p>\n","protected":false},"excerpt":{"rendered":"<p>O Sindicato dos Trabalhadores do Poder Judici\u00e1rio Federal no Estado de Minas Gerais (Sitraemg) est\u00e1 investindo com for\u00e7a em campanha contra a reforma administrativa Como parte da campanha \u201cQuem Faz o Brasil\u201d, nas pr\u00f3ximas semanas, todo o Estado receber\u00e1 ao todo 60 outdoors, cujas mensagens atingir\u00e3o diretamente os deputados federais favor\u00e1veis e os que ainda n\u00e3o declararam posicionamento \u00e0 PEC [&hellip;]<\/p>\n","protected":false},"author":27,"featured_media":0,"comment_status":"open","ping_status":"closed","sticky":false,"template":"","format":"standard","meta":{"footnotes":""},"categories":[2719],"tags":[305,15043,268,18170,15938,4510],"class_list":["post-20217","post","type-post","status-publish","format-standard","hentry","category-servidor","tag-campanha","tag-deputados-federais","tag-parlamentares","tag-pec-32-2020","tag-reforma-administrativa","tag-sitraemg"],"_links":{"self":[{"href":"https:\/\/blogs.correiobraziliense.com.br\/servidor\/wp-json\/wp\/v2\/posts\/20217","targetHints":{"allow":["GET"]}}],"collection":[{"href":"https:\/\/blogs.correiobraziliense.com.br\/servidor\/wp-json\/wp\/v2\/posts"}],"about":[{"href":"https:\/\/blogs.correiobraziliense.com.br\/servidor\/wp-json\/wp\/v2\/types\/post"}],"author":[{"embeddable":true,"href":"https:\/\/blogs.correiobraziliense.com.br\/servidor\/wp-json\/wp\/v2\/users\/27"}],"replies":[{"embeddable":true,"href":"https:\/\/blogs.correiobraziliense.com.br\/servidor\/wp-json\/wp\/v2\/comments?post=20217"}],"version-history":[{"count":1,"href":"https:\/\/blogs.correiobraziliense.com.br\/servidor\/wp-json\/wp\/v2\/posts\/20217\/revisions"}],"predecessor-version":[{"id":20219,"href":"https:\/\/blogs.correiobraziliense.com.br\/servidor\/wp-json\/wp\/v2\/posts\/20217\/revisions\/20219"}],"wp:attachment":[{"href":"https:\/\/blogs.correiobraziliense.com.br\/servidor\/wp-json\/wp\/v2\/media?parent=20217"}],"wp:term":[{"taxonomy":"category","embeddable":true,"href":"https:\/\/blogs.correiobraziliense.com.br\/servidor\/wp-json\/wp\/v2\/categories?post=20217"},{"taxonomy":"post_tag","embeddable":true,"href":"https:\/\/blogs.correiobraziliense.com.br\/servidor\/wp-json\/wp\/v2\/tags?post=20217"}],"curies":[{"name":"wp","href":"https:\/\/api.w.org\/{rel}","templated":true}]}}