{"id":20211,"date":"2021-07-23T13:31:34","date_gmt":"2021-07-23T16:31:34","guid":{"rendered":"https:\/\/blogs.correiobraziliense.com.br\/servidor\/?p=20211"},"modified":"2021-07-23T13:31:34","modified_gmt":"2021-07-23T16:31:34","slug":"anafe-fecha-lista-com-quatro-indicacoes-para-sucessor-de-mendonca-na-agu","status":"publish","type":"post","link":"https:\/\/blogs.correiobraziliense.com.br\/servidor\/anafe-fecha-lista-com-quatro-indicacoes-para-sucessor-de-mendonca-na-agu\/","title":{"rendered":"Anafe fecha lista com quatro indica\u00e7\u00f5es para sucessor de Mendon\u00e7a na AGU"},"content":{"rendered":"<p><em><strong>Documento ser\u00e1 entregue na pr\u00f3xima semana e conta com um procurador federal, procurador da Fazenda, procurador do Banco Central e advogado da Uni\u00e3o<\/strong><\/em><\/p>\n<p><img loading=\"lazy\" decoding=\"async\" class=\"size-full wp-image-20165 aligncenter\" src=\"https:\/\/blogs.correiobraziliense.com.br\/servidor\/wp-content\/uploads\/sites\/10\/2021\/07\/AGU-FOTO.jpeg\" alt=\"\" width=\"768\" height=\"508\" srcset=\"https:\/\/blogs.correiobraziliense.com.br\/servidor\/wp-content\/uploads\/sites\/10\/2021\/07\/AGU-FOTO.jpeg 768w, https:\/\/blogs.correiobraziliense.com.br\/servidor\/wp-content\/uploads\/sites\/10\/2021\/07\/AGU-FOTO-300x198.jpeg 300w, https:\/\/blogs.correiobraziliense.com.br\/servidor\/wp-content\/uploads\/sites\/10\/2021\/07\/AGU-FOTO-550x364.jpeg 550w, https:\/\/blogs.correiobraziliense.com.br\/servidor\/wp-content\/uploads\/sites\/10\/2021\/07\/AGU-FOTO-230x152.jpeg 230w\" sizes=\"auto, (max-width: 768px) 100vw, 768px\" \/><\/p>\n<p>A Associa\u00e7\u00e3o Nacional dos Advogados P\u00fablicos Federais (Anafe) encerrou na noite de ontem a elei\u00e7\u00e3o para a sele\u00e7\u00e3o dos quatro nomes que ser\u00e3o indicados como sucessores de Andr\u00e9 Mendon\u00e7a. Diferentemente de outras listas, a Anafe conta com uma indica\u00e7\u00e3o para cada carreira. S\u00e3o elas: o advogado da Uni\u00e3o Ricardo Wey Rodrigues; o procurador da Fazenda Nacional Aldemario Araujo Castro; o procurador do Banco Central Lademir Gomes da Rocha; e o procurador fFederal Marcelo de Siqueira Freitas, que obtiveram mais votos nas respectivas carreiras.<\/p>\n<p>\u201cOs nomes selecionados representam o esp\u00edrito inclusivo da associa\u00e7\u00e3o, que atua em defesa de toda a advocacia p\u00fablica federal e servi\u00e7os p\u00fablicos voltados a atender aos interesses da popula\u00e7\u00e3o. Sabemos que est\u00e1 em curso uma contrarreforma administrativa e refor\u00e7amos nosso compromisso com os associados e como a sociedade, conscientes de que a advocacia p\u00fablica \u00e9 uma pe\u00e7a importante para o bom funcionamento do sistema de freios e contrapesos no Brasil\u201d, afirma Lademir Rocha, presidente da Anafe.<\/p>\n<p>Os quatro nomes indicados para o cargo de novo advogado-geral da Uni\u00e3o ser\u00e3o encaminhados na pr\u00f3xima semana para o presidente da rep\u00fablica.<\/p>\n<p><strong>Sobre os indicados<\/strong><\/p>\n<p>Ricardo Wey Rodrigues, 39 anos, \u00e9 Advogado da Uni\u00e3o desde 2013, graduado em Direito pela UFRGS e mestre em Filosofia do Direito pela Faculdade de Direito da Universidade de Lisboa. Na AGU, foi Coordenador Regional de Execu\u00e7\u00f5es Definitivas e Concilia\u00e7\u00e3o da PRU da 1\u00aa Regi\u00e3o e Gestor do projeto vencedor do Pr\u00eamio PGU Inova\u00e7\u00e3o de 2014. Foi condecorado com a Medalha M\u00e9rito Tamandar\u00e9 da Marinha do Brasil em 2015. Atualmente, \u00e9 Diretor Financeiro da Anafe.<\/p>\n<p>Aldemario Araujo Castro, 55 anos, \u00e9 Procurador da Fazenda Nacional desde 1993 e Mestre em Direito pela Universidade Cat\u00f3lica de Bras\u00edlia (UCB). Atuou como Advogado-Geral da Uni\u00e3o Interino, Procurador-Geral Adjunto da Fazenda Nacional, Coordenador-Geral da D\u00edvida Ativa da Uni\u00e3o da Procuradoria-Geral da Fazenda Nacional do Minist\u00e9rio da Fazenda, entre outros cargos. Foi representante da carreira de Procurador da Fazenda Nacional junto ao Conselho Superior da AGU e Conselheiro Federal da OAB. Autor de livros e professor de cursos de gradua\u00e7\u00e3o e p\u00f3s-gradua\u00e7\u00e3o em Direito.<\/p>\n<p>Lademir Gomes da Rocha, 53 anos, \u00e9 Procurador do Banco Central desde 1993, Mestre e Doutor em Direito pela UFRGS. Foi Subprocurador-Regional e Procurador Regional junto \u00e0 Procuradoria-Regional do Banco Central no RS e atuou como conselheiro na primeira gest\u00e3o do Conselho Curador dos Honor\u00e1rios Advocat\u00edcios (CCHA). Foi professor em cursos de p\u00f3s-gradua\u00e7\u00e3o em Direito, Regula\u00e7\u00e3o e Finan\u00e7as e membro do Conselho Editorial da Revista da Procuradoria-Geral do Banco Central. Atualmente, \u00e9 Presidente da Associa\u00e7\u00e3o Nacional dos Advogados P\u00fablicos Federais (ANAFE).<\/p>\n<p>Marcelo de Siqueira Freitas, 43 anos, \u00e9 Procurador Federal desde 2000, atuou na Procuradoria do INSS, foi Consultor da Uni\u00e3o da Advocacia-Geral da Uni\u00e3o e, ainda, Subprocurador-Geral Federal e Procurador-Geral Federal. Ocupou tamb\u00e9m os cargos de Secret\u00e1rio Executivo do Minist\u00e9rio da Previd\u00eancia Social, Assessor-Chefe da Assessoria Especial da Casa Civil da Presid\u00eancia da Rep\u00fablica e Diretor das \u00c1reas Jur\u00eddica e de Integridade, Controladoria e Gest\u00e3o de Riscos do Banco Nacional de Desenvolvimento Econ\u00f4mico e Social &#8211; BNDES. Atualmente, \u00e9 Chefe da Assessoria Especial do Minist\u00e9rio da Economia.<\/p>\n","protected":false},"excerpt":{"rendered":"<p>Documento ser\u00e1 entregue na pr\u00f3xima semana e conta com um procurador federal, procurador da Fazenda, procurador do Banco Central e advogado da Uni\u00e3o A Associa\u00e7\u00e3o Nacional dos Advogados P\u00fablicos Federais (Anafe) encerrou na noite de ontem a elei\u00e7\u00e3o para a sele\u00e7\u00e3o dos quatro nomes que ser\u00e3o indicados como sucessores de Andr\u00e9 Mendon\u00e7a. Diferentemente de outras listas, a Anafe conta com [&hellip;]<\/p>\n","protected":false},"author":27,"featured_media":0,"comment_status":"open","ping_status":"closed","sticky":false,"template":"","format":"standard","meta":{"footnotes":""},"categories":[2719],"tags":[4291,157,1234,1236,302,124,3085,986,3628,1094,330],"class_list":["post-20211","post","type-post","status-publish","format-standard","hentry","category-servidor","tag-advogado","tag-agu","tag-anafe","tag-banco-central","tag-fazenda","tag-federal","tag-indicacoes","tag-lista","tag-procurador","tag-sucessor","tag-uniao"],"_links":{"self":[{"href":"https:\/\/blogs.correiobraziliense.com.br\/servidor\/wp-json\/wp\/v2\/posts\/20211","targetHints":{"allow":["GET"]}}],"collection":[{"href":"https:\/\/blogs.correiobraziliense.com.br\/servidor\/wp-json\/wp\/v2\/posts"}],"about":[{"href":"https:\/\/blogs.correiobraziliense.com.br\/servidor\/wp-json\/wp\/v2\/types\/post"}],"author":[{"embeddable":true,"href":"https:\/\/blogs.correiobraziliense.com.br\/servidor\/wp-json\/wp\/v2\/users\/27"}],"replies":[{"embeddable":true,"href":"https:\/\/blogs.correiobraziliense.com.br\/servidor\/wp-json\/wp\/v2\/comments?post=20211"}],"version-history":[{"count":1,"href":"https:\/\/blogs.correiobraziliense.com.br\/servidor\/wp-json\/wp\/v2\/posts\/20211\/revisions"}],"predecessor-version":[{"id":20212,"href":"https:\/\/blogs.correiobraziliense.com.br\/servidor\/wp-json\/wp\/v2\/posts\/20211\/revisions\/20212"}],"wp:attachment":[{"href":"https:\/\/blogs.correiobraziliense.com.br\/servidor\/wp-json\/wp\/v2\/media?parent=20211"}],"wp:term":[{"taxonomy":"category","embeddable":true,"href":"https:\/\/blogs.correiobraziliense.com.br\/servidor\/wp-json\/wp\/v2\/categories?post=20211"},{"taxonomy":"post_tag","embeddable":true,"href":"https:\/\/blogs.correiobraziliense.com.br\/servidor\/wp-json\/wp\/v2\/tags?post=20211"}],"curies":[{"name":"wp","href":"https:\/\/api.w.org\/{rel}","templated":true}]}}