{"id":20203,"date":"2021-07-21T18:41:44","date_gmt":"2021-07-21T21:41:44","guid":{"rendered":"https:\/\/blogs.correiobraziliense.com.br\/servidor\/?p=20203"},"modified":"2021-07-21T18:41:44","modified_gmt":"2021-07-21T21:41:44","slug":"anfip-lanca-manual-e-guia-com-orientacoes-sobre-trabalho-parlamentar-nas-redes-sociais","status":"publish","type":"post","link":"https:\/\/blogs.correiobraziliense.com.br\/servidor\/anfip-lanca-manual-e-guia-com-orientacoes-sobre-trabalho-parlamentar-nas-redes-sociais\/","title":{"rendered":"Anfip lan\u00e7a manual e guia com orienta\u00e7\u00f5es sobre trabalho parlamentar nas redes sociais"},"content":{"rendered":"<p><em><strong>A pandemia da covid-19 trouxe uma nova\u00a0realidade a todas as intera\u00e7\u00f5es sociais,\u00a0inclusive a dos cidad\u00e3os com o Parlamento.\u00a0Com acesso restrito ao Congresso Nacional\u00a0para a atividade presencial, o trabalho\u00a0parlamentar, assim como a pr\u00f3pria atua\u00e7\u00e3o dos deputados federais e senadores, migrou, em grande parte, para o meio\u00a0digital, mais especificamente para as redes\u00a0sociais<\/strong><\/em><\/p>\n<p>\u00c9 por esses meios que os parlamentares exp\u00f5em suas opini\u00f5es, a\u00a0rotina de trabalho, as proposi\u00e7\u00f5es que\u00a0s\u00e3o favor\u00e1veis e contr\u00e1rios. Diante dessa\u00a0nova realidade, a ANFIP tamb\u00e9m adaptou\u00a0o trabalho parlamentar para as novas<br \/>\nplataformas.<\/p>\n<p><em><strong>Manual Digital de Trabalho Parlamentar<\/strong><\/em> &#8211; https:\/\/bit.ly\/3i15EkV<\/p>\n<p>\ud83d\udcda Guia do Trabalho Parlamentar nas Redes Sociais &#8211; https:\/\/bit.ly\/3rnjd0Y<\/p>\n<p>\u27a1\ufe0f Confira o webin\u00e1rio com todos os detalhes das publica\u00e7\u00f5es e orienta\u00e7\u00f5es para a atua\u00e7\u00e3o parlamentar nas redes, com a Comiss\u00e3o de Interesse de Classe da ANFIP \ud83c\udfa5 https:\/\/youtu.be\/o9h8x2jYdNI<\/p>\n","protected":false},"excerpt":{"rendered":"<p>A pandemia da covid-19 trouxe uma nova\u00a0realidade a todas as intera\u00e7\u00f5es sociais,\u00a0inclusive a dos cidad\u00e3os com o Parlamento.\u00a0Com acesso restrito ao Congresso Nacional\u00a0para a atividade presencial, o trabalho\u00a0parlamentar, assim como a pr\u00f3pria atua\u00e7\u00e3o dos deputados federais e senadores, migrou, em grande parte, para o meio\u00a0digital, mais especificamente para as redes\u00a0sociais \u00c9 por esses meios que os parlamentares exp\u00f5em suas opini\u00f5es, [&hellip;]<\/p>\n","protected":false},"author":27,"featured_media":0,"comment_status":"open","ping_status":"closed","sticky":false,"template":"","format":"standard","meta":{"footnotes":""},"categories":[2719],"tags":[771,8934,3759,2671,829,1083,261],"class_list":["post-20203","post","type-post","status-publish","format-standard","hentry","category-servidor","tag-anfip","tag-guia","tag-manual","tag-orientacoes","tag-parlamentar","tag-redes-sociais","tag-trabalho"],"_links":{"self":[{"href":"https:\/\/blogs.correiobraziliense.com.br\/servidor\/wp-json\/wp\/v2\/posts\/20203","targetHints":{"allow":["GET"]}}],"collection":[{"href":"https:\/\/blogs.correiobraziliense.com.br\/servidor\/wp-json\/wp\/v2\/posts"}],"about":[{"href":"https:\/\/blogs.correiobraziliense.com.br\/servidor\/wp-json\/wp\/v2\/types\/post"}],"author":[{"embeddable":true,"href":"https:\/\/blogs.correiobraziliense.com.br\/servidor\/wp-json\/wp\/v2\/users\/27"}],"replies":[{"embeddable":true,"href":"https:\/\/blogs.correiobraziliense.com.br\/servidor\/wp-json\/wp\/v2\/comments?post=20203"}],"version-history":[{"count":1,"href":"https:\/\/blogs.correiobraziliense.com.br\/servidor\/wp-json\/wp\/v2\/posts\/20203\/revisions"}],"predecessor-version":[{"id":20204,"href":"https:\/\/blogs.correiobraziliense.com.br\/servidor\/wp-json\/wp\/v2\/posts\/20203\/revisions\/20204"}],"wp:attachment":[{"href":"https:\/\/blogs.correiobraziliense.com.br\/servidor\/wp-json\/wp\/v2\/media?parent=20203"}],"wp:term":[{"taxonomy":"category","embeddable":true,"href":"https:\/\/blogs.correiobraziliense.com.br\/servidor\/wp-json\/wp\/v2\/categories?post=20203"},{"taxonomy":"post_tag","embeddable":true,"href":"https:\/\/blogs.correiobraziliense.com.br\/servidor\/wp-json\/wp\/v2\/tags?post=20203"}],"curies":[{"name":"wp","href":"https:\/\/api.w.org\/{rel}","templated":true}]}}