{"id":2020,"date":"2016-06-23T13:40:41","date_gmt":"2016-06-23T16:40:41","guid":{"rendered":"https:\/\/blogs.correiobraziliense.com.br\/servidor\/?p=2020"},"modified":"2016-06-23T14:53:20","modified_gmt":"2016-06-23T17:53:20","slug":"ministro-de-relacoes-exteriores-e-inacessivel","status":"publish","type":"post","link":"https:\/\/blogs.correiobraziliense.com.br\/servidor\/ministro-de-relacoes-exteriores-e-inacessivel\/","title":{"rendered":"Ministro de Rela\u00e7\u00f5es Exteriores demonstra ser contradit\u00f3rio, inacess\u00edvel e birrento"},"content":{"rendered":"<p><em>Fontes pr\u00f3ximas a Jos\u00e9 Serra contaram que o ministro n\u00e3o atende sequer telefonemas do presidente interino Michel Temer, se estiver em sua hora de repouso<\/em><\/p>\n<p>Servidores do Itamaraty est\u00e3o preocupados com a nova gest\u00e3o do ex-candidato \u00e0 presid\u00eancia da Rep\u00fablica. Segundo informa\u00e7\u00f5es de v\u00e1rios funcion\u00e1rios do \u00f3rg\u00e3o, que n\u00e3o quiseram se identificar temendo repres\u00e1lias, Serra, desde que assumiu a pasta, se mostra preocupantemente inacess\u00edvel, at\u00e9 mesmo para os ocupantes de cargos de alta chefia, que costumavam ser bajulados pelos indicados do governo de plant\u00e3o e seus assessores.<\/p>\n<p>Um fato inusitado ocorreu recentemente. Como Serra \u00e9 not\u00edvago, sofre de ins\u00f4nia, dorme at\u00e9 tarde. Certo dia, o presidente Temer ligou, por volta das 13 horas. Ele estava em seu sono reparador no conhecido apartamento de tr\u00e2nsito, que fica dentro do pal\u00e1cio. Quando lhe avisaram que o presidente estava naquele momento ao telefone, ele nem amea\u00e7ou de levantar da cama. A resposta do ministro foi: &#8220;nunca mais me acordem seja qual for o motivo. Meu sono vai at\u00e9, no m\u00ednimo, as 13h30&#8221;.<\/p>\n<p>A conclus\u00e3o dos que obrigatoriamente tem que lidar com Serra foi de pouca esperan\u00e7a no atendimento das reivindica\u00e7\u00f5es das classes. Pensam que, se ele age assim com o pr\u00f3prio chefe, imagine com os subordinados&#8230; Serra, al\u00e9m disso, tem discurso contradit\u00f3rio. No dia de sua posse, declarou que apoiaria as demandas salariais dos funcion\u00e1rios. Dias depois, em entrevista em rede nacional, afirmou que sequer sabia o que estava acontecendo no Itamaraty. Nesse caso, a mudan\u00e7a t\u00e3o desejada, j\u00e1 est\u00e1 trazendo problemas.<\/p>\n","protected":false},"excerpt":{"rendered":"<p>Fontes pr\u00f3ximas a Jos\u00e9 Serra contaram que o ministro n\u00e3o atende sequer telefonemas do presidente interino Michel Temer, se estiver em sua hora de repouso Servidores do Itamaraty est\u00e3o preocupados com a nova gest\u00e3o do ex-candidato \u00e0 presid\u00eancia da Rep\u00fablica. Segundo informa\u00e7\u00f5es de v\u00e1rios funcion\u00e1rios do \u00f3rg\u00e3o, que n\u00e3o quiseram se identificar temendo repres\u00e1lias, Serra, desde que assumiu a pasta, [&hellip;]<\/p>\n","protected":false},"author":27,"featured_media":0,"comment_status":"open","ping_status":"closed","sticky":false,"template":"","format":"standard","meta":{"footnotes":""},"categories":[1],"tags":[2472,2205,2471,2477,1869,2463,2474,2126,2478,2475,2476,2473],"class_list":["post-2020","post","type-post","status-publish","format-standard","hentry","category-sem-categoria","tag-birrento","tag-contraditorio","tag-inacessivel","tag-insonia","tag-itamaraty","tag-jose-serra","tag-michel-temer","tag-mre","tag-notivago","tag-repouso","tag-sono","tag-telefonemas"],"_links":{"self":[{"href":"https:\/\/blogs.correiobraziliense.com.br\/servidor\/wp-json\/wp\/v2\/posts\/2020","targetHints":{"allow":["GET"]}}],"collection":[{"href":"https:\/\/blogs.correiobraziliense.com.br\/servidor\/wp-json\/wp\/v2\/posts"}],"about":[{"href":"https:\/\/blogs.correiobraziliense.com.br\/servidor\/wp-json\/wp\/v2\/types\/post"}],"author":[{"embeddable":true,"href":"https:\/\/blogs.correiobraziliense.com.br\/servidor\/wp-json\/wp\/v2\/users\/27"}],"replies":[{"embeddable":true,"href":"https:\/\/blogs.correiobraziliense.com.br\/servidor\/wp-json\/wp\/v2\/comments?post=2020"}],"version-history":[{"count":2,"href":"https:\/\/blogs.correiobraziliense.com.br\/servidor\/wp-json\/wp\/v2\/posts\/2020\/revisions"}],"predecessor-version":[{"id":2022,"href":"https:\/\/blogs.correiobraziliense.com.br\/servidor\/wp-json\/wp\/v2\/posts\/2020\/revisions\/2022"}],"wp:attachment":[{"href":"https:\/\/blogs.correiobraziliense.com.br\/servidor\/wp-json\/wp\/v2\/media?parent=2020"}],"wp:term":[{"taxonomy":"category","embeddable":true,"href":"https:\/\/blogs.correiobraziliense.com.br\/servidor\/wp-json\/wp\/v2\/categories?post=2020"},{"taxonomy":"post_tag","embeddable":true,"href":"https:\/\/blogs.correiobraziliense.com.br\/servidor\/wp-json\/wp\/v2\/tags?post=2020"}],"curies":[{"name":"wp","href":"https:\/\/api.w.org\/{rel}","templated":true}]}}