{"id":20199,"date":"2021-07-21T15:47:52","date_gmt":"2021-07-21T18:47:52","guid":{"rendered":"https:\/\/blogs.correiobraziliense.com.br\/servidor\/?p=20199"},"modified":"2021-07-21T15:47:52","modified_gmt":"2021-07-21T18:47:52","slug":"periodo-de-contestacao-do-auxilio-emergencial-vai-ate-24-de-julho","status":"publish","type":"post","link":"https:\/\/blogs.correiobraziliense.com.br\/servidor\/periodo-de-contestacao-do-auxilio-emergencial-vai-ate-24-de-julho\/","title":{"rendered":"Per\u00edodo de contesta\u00e7\u00e3o do aux\u00edlio emergencial vai at\u00e9 24 de julho"},"content":{"rendered":"<p><em><strong>Objetivo \u00e9 permitir uma nova an\u00e1lise com bases mais atualizadas dos dados da pessoa. Saiba como proceder e quem tem direito a fazer a solicita\u00e7\u00e3o. Hoje,\u00a0quarta-feira (21\/07), entrou na conta digital o aux\u00edlio emergencial ara os nascidos em abril<\/strong><\/em><\/p>\n<p><img loading=\"lazy\" decoding=\"async\" class=\"size-full wp-image-20200 aligncenter\" src=\"https:\/\/blogs.correiobraziliense.com.br\/servidor\/wp-content\/uploads\/sites\/10\/2021\/07\/AUX\u00cdLIO-EMERGENCIAL.jpeg\" alt=\"\" width=\"768\" height=\"434\" \/><\/p>\n<p>Os trabalhadores que se inscreveram no aux\u00edlio emergencial 2021 pelos meios digitais e que tiveram a solicita\u00e7\u00e3o negada na revis\u00e3o mensal de julho ter\u00e3o at\u00e9 as 23h59 de s\u00e1bado (24\/07) para contestar a decis\u00e3o, informa o Minist\u00e9rio da Cidadania. O objetivo \u00e9 permitir que essas pessoas tenham uma nova an\u00e1lise com bases mais atualizadas de seus dados.<\/p>\n<p>Mensalmente, os CPFs dos benefici\u00e1rios passam por an\u00e1lises para conferir se atendem aos crit\u00e9rios previstos na lei para receber o aux\u00edlio emergencial. O requerimento deve ser feito pelo site do Minist\u00e9rio da Cidadania https:\/\/consultaauxilio.cidadania.gov.br.<\/p>\n<p><strong>Como pedir<\/strong><\/p>\n<p>Ap\u00f3s entrar com os dados de identifica\u00e7\u00e3o e clicar na aba correspondente ao aux\u00edlio emergencial 2021, a pessoa deve clicar no bot\u00e3o: &#8220;contestar&#8221;. A partir da\u00ed, precisa aguardar at\u00e9 que seja feita uma nova an\u00e1lise da situa\u00e7\u00e3o do seu benef\u00edcio.<\/p>\n<p>Caso a n\u00e3o aprova\u00e7\u00e3o seja por algum motivo de indeferimento definitivo, n\u00e3o ser\u00e1 poss\u00edvel apresentar contesta\u00e7\u00e3o, pois a situa\u00e7\u00e3o que motivou o indeferimento n\u00e3o vai se alterar. Al\u00e9m disso, se a pessoa tinha ficado ineleg\u00edvel antes e j\u00e1 contestou, n\u00e3o pode contestar novamente.<\/p>\n<p>Se a raz\u00e3o que motivou o cancelamento permitir contesta\u00e7\u00e3o, o registro do cidad\u00e3o ser\u00e1 reanalisado pela Dataprev e o trabalhador poder\u00e1 voltar a receber, caso seja aprovado o pedido.<\/p>\n<p>Os bloqueios feitos a pedido dos \u00f3rg\u00e3os de controle n\u00e3o podem ser contestados ainda, pois est\u00e3o sob an\u00e1lise do Minist\u00e9rio da Cidadania e da Dataprev. O bloqueio, destaca o \u00f3rg\u00e3o, \u00e9 feito de forma preventiva. Posteriormente, \u00e9 definido pela libera\u00e7\u00e3o ou cancelamento do benef\u00edcio em definitivo. N\u00e3o h\u00e1 prazo definido para divulga\u00e7\u00e3o do resultado.<\/p>\n<p><strong>Quarta parcela<\/strong><\/p>\n<p>Al\u00e9m dos benefici\u00e1rios do Bolsa Fam\u00edlia, que recebem conforme o calend\u00e1rio habitual do programa &#8211; em julho o pagamento teve in\u00edcio na segunda-feira (19\/07) -, a quarta parcela do aux\u00edlio emergencial j\u00e1 est\u00e1 sendo paga aos demais trabalhadores, que se inscreveram pelos meios digitais ou que integram o Cadastro \u00danico.<\/p>\n<p>Na ter\u00e7a-feira (20\/07), os aniversariantes de mar\u00e7o tiveram os dep\u00f3sitos nas contas sociais. Hoje, quarta-feira (21\/07), ser\u00e1 a vez dos nascidos em abril, e assim sucessivamente at\u00e9 o domingo (25\/07), para quem \u00e9 de agosto. Na ter\u00e7a-feira (27\/07), a opera\u00e7\u00e3o \u00e9 retomada com os pagamentos para quem faz anivers\u00e1rio em setembro.<\/p>\n<p>Como j\u00e1 havia ocorrido nas tr\u00eas etapas anteriores, o cronograma de transfer\u00eancias e saques foi antecipado. A Portaria n\u00ba 645, publicada em 15 de julho, adiantou em seis dias o in\u00edcio dos dep\u00f3sitos, que tamb\u00e9m ser\u00e3o conclu\u00eddos com anteced\u00eancia, de 23 dias. Quem nasceu em dezembro receber\u00e1 a quarta parcela na sexta-feira da semana que vem (30.07).<\/p>\n<p>O modelo de escalonamento das transfer\u00eancias e saques, adotado no ano passado, segue sendo executado em 2021, com o objetivo de evitar filas e aglomera\u00e7\u00f5es nas ag\u00eancias da Caixa Econ\u00f4mica Federal e nas lot\u00e9ricas.<br \/>\nO benef\u00edcio \u00e9 pago em quatro parcelas, com valor m\u00e9dio de R$ 250, exce\u00e7\u00e3o \u00e0s mulheres chefes de fam\u00edlia monoparental (criam os filhos sozinhas), que recebem R$ 375, e os indiv\u00edduos que moram sozinhos (fam\u00edlia unipessoal), que recebem R$ 150.<\/p>\n<p>Servi\u00e7o ao cidad\u00e3o<\/p>\n<p>O endere\u00e7o eletr\u00f4nico www.cidadania.gov.br\/auxilio remete ao servi\u00e7o de atendimento via Facebook do Minist\u00e9rio da Cidadania. Por meio da hashtag #Isso\u00c9Cidadania \u00e9 poss\u00edvel conferir nas redes sociais do minist\u00e9rio todas as informa\u00e7\u00f5es atualizadas sobre o Aux\u00edlio Emergencial 2021.<\/p>\n<p>O Minist\u00e9rio da Cidadania oferece, ainda, atendimento telef\u00f4nico pelo n\u00famero 121 e pela Ouvidoria, por meio de formul\u00e1rio eletr\u00f4nico. Outra op\u00e7\u00e3o \u00e9 enviar uma carta para o endere\u00e7o: SMAS &#8211; Setor de M\u00faltiplas Atividades Sul Trecho 03, lote 01, Edif\u00edcio The Union, t\u00e9rreo, sala 32, CEP: 70610-051 &#8211; Bras\u00edlia\/DF.<\/p>\n","protected":false},"excerpt":{"rendered":"<p>Objetivo \u00e9 permitir uma nova an\u00e1lise com bases mais atualizadas dos dados da pessoa. Saiba como proceder e quem tem direito a fazer a solicita\u00e7\u00e3o. Hoje,\u00a0quarta-feira (21\/07), entrou na conta digital o aux\u00edlio emergencial ara os nascidos em abril Os trabalhadores que se inscreveram no aux\u00edlio emergencial 2021 pelos meios digitais e que tiveram a solicita\u00e7\u00e3o negada na revis\u00e3o mensal [&hellip;]<\/p>\n","protected":false},"author":27,"featured_media":0,"comment_status":"open","ping_status":"closed","sticky":false,"template":"","format":"standard","meta":{"footnotes":""},"categories":[2719],"tags":[17262,3438,709,16475,10873,9504,998,167,8105,16790,1959,2135],"class_list":["post-20199","post","type-post","status-publish","format-standard","hentry","category-servidor","tag-auxilio-emergencial","tag-base","tag-bolsa-familia","tag-cadastro-unico","tag-contestacao","tag-contestar","tag-criterios","tag-dados","tag-dataprev","tag-ministerio-da-cidadania","tag-requerimento","tag-revisao"],"_links":{"self":[{"href":"https:\/\/blogs.correiobraziliense.com.br\/servidor\/wp-json\/wp\/v2\/posts\/20199","targetHints":{"allow":["GET"]}}],"collection":[{"href":"https:\/\/blogs.correiobraziliense.com.br\/servidor\/wp-json\/wp\/v2\/posts"}],"about":[{"href":"https:\/\/blogs.correiobraziliense.com.br\/servidor\/wp-json\/wp\/v2\/types\/post"}],"author":[{"embeddable":true,"href":"https:\/\/blogs.correiobraziliense.com.br\/servidor\/wp-json\/wp\/v2\/users\/27"}],"replies":[{"embeddable":true,"href":"https:\/\/blogs.correiobraziliense.com.br\/servidor\/wp-json\/wp\/v2\/comments?post=20199"}],"version-history":[{"count":1,"href":"https:\/\/blogs.correiobraziliense.com.br\/servidor\/wp-json\/wp\/v2\/posts\/20199\/revisions"}],"predecessor-version":[{"id":20201,"href":"https:\/\/blogs.correiobraziliense.com.br\/servidor\/wp-json\/wp\/v2\/posts\/20199\/revisions\/20201"}],"wp:attachment":[{"href":"https:\/\/blogs.correiobraziliense.com.br\/servidor\/wp-json\/wp\/v2\/media?parent=20199"}],"wp:term":[{"taxonomy":"category","embeddable":true,"href":"https:\/\/blogs.correiobraziliense.com.br\/servidor\/wp-json\/wp\/v2\/categories?post=20199"},{"taxonomy":"post_tag","embeddable":true,"href":"https:\/\/blogs.correiobraziliense.com.br\/servidor\/wp-json\/wp\/v2\/tags?post=20199"}],"curies":[{"name":"wp","href":"https:\/\/api.w.org\/{rel}","templated":true}]}}