{"id":20178,"date":"2021-07-17T21:35:08","date_gmt":"2021-07-18T00:35:08","guid":{"rendered":"https:\/\/blogs.correiobraziliense.com.br\/servidor\/?p=20178"},"modified":"2021-07-17T21:35:08","modified_gmt":"2021-07-18T00:35:08","slug":"gilmar-mendes-diz-que-bolsonaro-se-autoexcluiu-do-combate-a-pandemia","status":"publish","type":"post","link":"https:\/\/blogs.correiobraziliense.com.br\/servidor\/gilmar-mendes-diz-que-bolsonaro-se-autoexcluiu-do-combate-a-pandemia\/","title":{"rendered":"Gilmar Mendes diz que Bolsonaro se \u201cautoexcluiu\u201d do combate \u00e0 pandemia"},"content":{"rendered":"<p><em><strong>O ministro Gilmar Mendes, do Supremo Tribunal Federal (STF), ao fazer um balan\u00e7o dos 15 meses de atua\u00e7\u00e3o da corte durante a contamina\u00e7\u00e3o pela covid-19, mostrou que a corte foi fundamental a governan\u00e7a no pa\u00eds ao proibir a propaga\u00e7\u00e3o do discurso de \u00f3dio. E que n\u00e3o houve inten\u00e7\u00e3o de tirar a compet\u00eancia da Uni\u00e3o no trato da pandemia. Ao contr\u00e1rio, foi o Executivo que \u201cse autoexcluiu\u201d do processo<\/strong><\/em><\/p>\n<figure id=\"attachment_14070\" aria-describedby=\"caption-attachment-14070\" style=\"width: 800px\" class=\"wp-caption alignright\"><img loading=\"lazy\" decoding=\"async\" class=\"size-full wp-image-14070\" src=\"https:\/\/blogs.correiobraziliense.com.br\/servidor\/wp-content\/uploads\/sites\/10\/2019\/10\/gilmar.jpg\" alt=\"Gilmar Mendes\" width=\"800\" height=\"532\" srcset=\"https:\/\/blogs.correiobraziliense.com.br\/servidor\/wp-content\/uploads\/sites\/10\/2019\/10\/gilmar.jpg 800w, https:\/\/blogs.correiobraziliense.com.br\/servidor\/wp-content\/uploads\/sites\/10\/2019\/10\/gilmar-300x200.jpg 300w, https:\/\/blogs.correiobraziliense.com.br\/servidor\/wp-content\/uploads\/sites\/10\/2019\/10\/gilmar-768x511.jpg 768w, https:\/\/blogs.correiobraziliense.com.br\/servidor\/wp-content\/uploads\/sites\/10\/2019\/10\/gilmar-350x233.jpg 350w, https:\/\/blogs.correiobraziliense.com.br\/servidor\/wp-content\/uploads\/sites\/10\/2019\/10\/gilmar-550x366.jpg 550w, https:\/\/blogs.correiobraziliense.com.br\/servidor\/wp-content\/uploads\/sites\/10\/2019\/10\/gilmar-230x153.jpg 230w\" sizes=\"auto, (max-width: 800px) 100vw, 800px\" \/><figcaption id=\"caption-attachment-14070\" class=\"wp-caption-text\">Cr\u00e9dito: Minervino Junior\/CB\/D.A Press.<\/figcaption><\/figure>\n<p>As declara\u00e7\u00f5es foram feitas neste s\u00e1bado, em entrevista ao podcast do STF. Mendes refutou as cr\u00edticas do presidente Jair Bolsonaro, contr\u00e1rio ao isolamento social, que, por v\u00e1rias vezes, declarou que o STF estaria tirando a compet\u00eancia e proibindo a Uni\u00e3o de exigir a r\u00e1pida abertura da economia, mesmo durante os momentos mais cr\u00edticos. Em janeiro, a corte chegou a emitir nota para restabelecer a verdade. \u201c\u00c9 de responsabilidade de todos os entes da federa\u00e7\u00e3o adotarem medidas em benef\u00edcio da popula\u00e7\u00e3o brasileira no que se refere \u00e0 pandemia\u201d, informou em nota, \u00e0 \u00e9poca, o STF.<\/p>\n<p>Na entrevista, Mendes deixou claro o que foi decidido. \u201cPelo contr\u00e1rio, o que o Supremo tem afirmado \u00e9 que, diante a aus\u00eancia da Uni\u00e3o, estados e munic\u00edpios n\u00e3o deveriam ficar impedidos de tomar as medidas de isolamento social e outras medidas restritivas. Mas, na verdade, quem se autoexcluiu desse processo foi a pr\u00f3pria Uni\u00e3o, a partir de impulsos do governo federal\u201d, afirmou o ministro, que agora \u00e9 o novo decano do STF, desde a aposentadoria do ministro Marco Aur\u00e9lio Mello.<\/p>\n<p>O tribunal, inclusive, pelas declara\u00e7\u00f5es de Mendes precisou atuar n\u00e3o somente para resolver conflitos entre a Uni\u00e3o e Estados e munic\u00edpios, como tamb\u00e9m para \u201cdisciplinar a atua\u00e7\u00e3o do Sistema \u00danico de Sa\u00fade (SUS)\u201d. E analisar quest\u00f5es relacionadas \u00e0 prote\u00e7\u00e3o de dados e tamb\u00e9m ao funcionamento do Parlamento, em casos sobre regras de tramita\u00e7\u00e3o de medidas provis\u00f3rias, al\u00e9m da dispensa da exig\u00eancia da Lei de Responsabilidade Fiscal (LRF), para facilitar o pagamento do aux\u00edlio emergencial.<\/p>\n<p>Ao se referir \u00e0 polariza\u00e7\u00e3o no pa\u00eds, Gilmar Mendes ressaltou a import\u00e2ncia da modera\u00e7\u00e3o e de a corte estabelecer limites. \u201cE acho que o tribunal, ao longo dos anos, tem exercido esse papel quando, por exemplo, delimita a pr\u00f3pria liberdade de express\u00e3o, n\u00e3o permitindo que se divulguem discursos odientos, o chamado \u2018discurso de \u00f3dio\u2019\u201d.<\/p>\n<p>Como exemplo das medidas tomadas pelo STF, ele citou a atua\u00e7\u00e3o durante o inqu\u00e9rito sobre as fake news e dos atos antidemocr\u00e1ticos. \u201cN\u00f3s est\u00e1vamos em um crescendo de ataques e ao tribunal e a partir das medidas que o ministro Alexandre de Moraes tomou, tivermos resultado\u201d, afirmou.<\/p>\n","protected":false},"excerpt":{"rendered":"<p>O ministro Gilmar Mendes, do Supremo Tribunal Federal (STF), ao fazer um balan\u00e7o dos 15 meses de atua\u00e7\u00e3o da corte durante a contamina\u00e7\u00e3o pela covid-19, mostrou que a corte foi fundamental a governan\u00e7a no pa\u00eds ao proibir a propaga\u00e7\u00e3o do discurso de \u00f3dio. E que n\u00e3o houve inten\u00e7\u00e3o de tirar a compet\u00eancia da Uni\u00e3o no trato da pandemia. Ao contr\u00e1rio, [&hellip;]<\/p>\n","protected":false},"author":27,"featured_media":0,"comment_status":"open","ping_status":"closed","sticky":false,"template":"","format":"standard","meta":{"footnotes":""},"categories":[2719],"tags":[15640,17256,19132,88,943,9,3455,566,17459,13649,13695,4999,35,944,17255,34,330],"class_list":["post-20178","post","type-post","status-publish","format-standard","hentry","category-servidor","tag-antidemocratico","tag-covid-19","tag-discurso-de-odio","tag-economia","tag-estados","tag-executivo","tag-gilmar-mendes","tag-governanca","tag-isolamento","tag-jair-bolsonaro","tag-liberdade-de-expressao","tag-limites","tag-ministro","tag-municipios","tag-pandemia","tag-stf","tag-uniao"],"_links":{"self":[{"href":"https:\/\/blogs.correiobraziliense.com.br\/servidor\/wp-json\/wp\/v2\/posts\/20178","targetHints":{"allow":["GET"]}}],"collection":[{"href":"https:\/\/blogs.correiobraziliense.com.br\/servidor\/wp-json\/wp\/v2\/posts"}],"about":[{"href":"https:\/\/blogs.correiobraziliense.com.br\/servidor\/wp-json\/wp\/v2\/types\/post"}],"author":[{"embeddable":true,"href":"https:\/\/blogs.correiobraziliense.com.br\/servidor\/wp-json\/wp\/v2\/users\/27"}],"replies":[{"embeddable":true,"href":"https:\/\/blogs.correiobraziliense.com.br\/servidor\/wp-json\/wp\/v2\/comments?post=20178"}],"version-history":[{"count":1,"href":"https:\/\/blogs.correiobraziliense.com.br\/servidor\/wp-json\/wp\/v2\/posts\/20178\/revisions"}],"predecessor-version":[{"id":20179,"href":"https:\/\/blogs.correiobraziliense.com.br\/servidor\/wp-json\/wp\/v2\/posts\/20178\/revisions\/20179"}],"wp:attachment":[{"href":"https:\/\/blogs.correiobraziliense.com.br\/servidor\/wp-json\/wp\/v2\/media?parent=20178"}],"wp:term":[{"taxonomy":"category","embeddable":true,"href":"https:\/\/blogs.correiobraziliense.com.br\/servidor\/wp-json\/wp\/v2\/categories?post=20178"},{"taxonomy":"post_tag","embeddable":true,"href":"https:\/\/blogs.correiobraziliense.com.br\/servidor\/wp-json\/wp\/v2\/tags?post=20178"}],"curies":[{"name":"wp","href":"https:\/\/api.w.org\/{rel}","templated":true}]}}