{"id":20173,"date":"2021-07-16T19:26:50","date_gmt":"2021-07-16T22:26:50","guid":{"rendered":"https:\/\/blogs.correiobraziliense.com.br\/servidor\/?p=20173"},"modified":"2021-07-16T19:26:50","modified_gmt":"2021-07-16T22:26:50","slug":"anafe-abre-eleicao-para-escolha-de-sucessor-de-andre-mendonca-na-agu","status":"publish","type":"post","link":"https:\/\/blogs.correiobraziliense.com.br\/servidor\/anafe-abre-eleicao-para-escolha-de-sucessor-de-andre-mendonca-na-agu\/","title":{"rendered":"Anafe abre elei\u00e7\u00e3o para escolha de sucessor de Andr\u00e9 Mendon\u00e7a na AGU"},"content":{"rendered":"<p><em><strong>Lista engloba todas as carreiras da Advocacia P\u00fablica Federal<\/strong><\/em><\/p>\n<p><img loading=\"lazy\" decoding=\"async\" class=\"size-full wp-image-20165 aligncenter\" src=\"https:\/\/blogs.correiobraziliense.com.br\/servidor\/wp-content\/uploads\/sites\/10\/2021\/07\/AGU-FOTO.jpeg\" alt=\"\" width=\"768\" height=\"508\" srcset=\"https:\/\/blogs.correiobraziliense.com.br\/servidor\/wp-content\/uploads\/sites\/10\/2021\/07\/AGU-FOTO.jpeg 768w, https:\/\/blogs.correiobraziliense.com.br\/servidor\/wp-content\/uploads\/sites\/10\/2021\/07\/AGU-FOTO-300x198.jpeg 300w, https:\/\/blogs.correiobraziliense.com.br\/servidor\/wp-content\/uploads\/sites\/10\/2021\/07\/AGU-FOTO-550x364.jpeg 550w, https:\/\/blogs.correiobraziliense.com.br\/servidor\/wp-content\/uploads\/sites\/10\/2021\/07\/AGU-FOTO-230x152.jpeg 230w\" sizes=\"auto, (max-width: 768px) 100vw, 768px\" \/><\/p>\n<p>A Associa\u00e7\u00e3o Nacional dos Advogados P\u00fablicos Federais (Anafe) entregar\u00e1 na pr\u00f3xima semana, suas indica\u00e7\u00f5es de nomes para o novo advogado-geral da Uni\u00e3o. A entidade inicia nesta sexta-feira, 16, a vota\u00e7\u00e3o que definir\u00e1 os quatro nomes que poder\u00e3o ser sucessores de Andr\u00e9 Mendon\u00e7a. Diferentemente de outras sele\u00e7\u00f5es em curso, a lista da Anafe contar\u00e1 com uma indica\u00e7\u00e3o para cada carreira \u2013 Procurador Federal, Procurador da Fazenda, Procurador do Banco Central e Advogado da Uni\u00e3o.<\/p>\n<p>Segundo Lademir Rocha, presidente da Anafe, a associa\u00e7\u00e3o j\u00e1 teve oportunidade de se manifestar sobre a import\u00e2ncia que a escolha recaia sobre um advogado p\u00fablico federal e que existam mecanismos de participa\u00e7\u00e3o desses profissionais na escolha de quem conduzir\u00e1 a institui\u00e7\u00e3o. \u201cSabemos que h\u00e1 consultas em aberto para forma\u00e7\u00e3o de listas s\u00eaxtuplas, mas s\u00e3o listas restritas. N\u00e3o podemos concordar com isso. Atuamos h\u00e1 anos para preservar a integridade da nossa institui\u00e7\u00e3o e as prerrogativas de seus membros. Por conta disso, lan\u00e7amos a consulta para a forma\u00e7\u00e3o da lista de nomes a serem apresentados para o presidente da Rep\u00fablica para a sucess\u00e3o no cargo de advogado geral da Uni\u00e3o\u201d, afirma.<\/p>\n<p><strong>Elei\u00e7\u00e3o<\/strong><\/p>\n<p>Por representar as quatro carreiras de atua\u00e7\u00e3o, durante as elei\u00e7\u00f5es cada associado poder\u00e1 votar em quatro nomes, sendo um nome de cada carreira. Ao final, a lista ser\u00e1 apresentada com a seguran\u00e7a que os escolhidos representar\u00e3o o compromisso com a advocacia p\u00fablica republicana.<\/p>\n<p>A vota\u00e7\u00e3o come\u00e7a nesta sexta-feira, \u00e0s 18h, e termina no dia 22 de julho, \u00e0s 22h. Os mais votados de cada carreira, dentre os associados da Anafe, formar\u00e3o a lista de quatro nomes que ser\u00e3o indicados para o presidente da rep\u00fablica como sugest\u00e3o para o cargo de advogado-geral da Uni\u00e3o.<\/p>\n<p>\u201cSabemos que est\u00e1 em curso uma contrarreforma administrativa. Atuamos em defesa de toda a advocacia p\u00fablica e de servi\u00e7os p\u00fablicos voltados aos interesses da popula\u00e7\u00e3o. Sabemos do nosso compromisso com os associados, com a democracia constitucional e com o sistema de freios e contrapesos no pa\u00eds, conscientes de que a advocacia p\u00fablica \u00e9 uma pe\u00e7a importante para o bom funcionamento desse sistema. Temos certeza de que os nomes indicados saber\u00e3o representar o esp\u00edrito inclusivo da Anafe\u201d, completou Rocha.<\/p>\n","protected":false},"excerpt":{"rendered":"<p>Lista engloba todas as carreiras da Advocacia P\u00fablica Federal A Associa\u00e7\u00e3o Nacional dos Advogados P\u00fablicos Federais (Anafe) entregar\u00e1 na pr\u00f3xima semana, suas indica\u00e7\u00f5es de nomes para o novo advogado-geral da Uni\u00e3o. A entidade inicia nesta sexta-feira, 16, a vota\u00e7\u00e3o que definir\u00e1 os quatro nomes que poder\u00e3o ser sucessores de Andr\u00e9 Mendon\u00e7a. Diferentemente de outras sele\u00e7\u00f5es em curso, a lista da [&hellip;]<\/p>\n","protected":false},"author":27,"featured_media":0,"comment_status":"open","ping_status":"closed","sticky":false,"template":"","format":"standard","meta":{"footnotes":""},"categories":[2719],"tags":[1130,157,1234,188,106,1093,986,1435,3628,1094,330,1498],"class_list":["post-20173","post","type-post","status-publish","format-standard","hentry","category-servidor","tag-advogado-geral-da-uniao","tag-agu","tag-anafe","tag-carreira","tag-eleicao","tag-escolha","tag-lista","tag-nomes","tag-procurador","tag-sucessor","tag-uniao","tag-votacao"],"_links":{"self":[{"href":"https:\/\/blogs.correiobraziliense.com.br\/servidor\/wp-json\/wp\/v2\/posts\/20173","targetHints":{"allow":["GET"]}}],"collection":[{"href":"https:\/\/blogs.correiobraziliense.com.br\/servidor\/wp-json\/wp\/v2\/posts"}],"about":[{"href":"https:\/\/blogs.correiobraziliense.com.br\/servidor\/wp-json\/wp\/v2\/types\/post"}],"author":[{"embeddable":true,"href":"https:\/\/blogs.correiobraziliense.com.br\/servidor\/wp-json\/wp\/v2\/users\/27"}],"replies":[{"embeddable":true,"href":"https:\/\/blogs.correiobraziliense.com.br\/servidor\/wp-json\/wp\/v2\/comments?post=20173"}],"version-history":[{"count":1,"href":"https:\/\/blogs.correiobraziliense.com.br\/servidor\/wp-json\/wp\/v2\/posts\/20173\/revisions"}],"predecessor-version":[{"id":20174,"href":"https:\/\/blogs.correiobraziliense.com.br\/servidor\/wp-json\/wp\/v2\/posts\/20173\/revisions\/20174"}],"wp:attachment":[{"href":"https:\/\/blogs.correiobraziliense.com.br\/servidor\/wp-json\/wp\/v2\/media?parent=20173"}],"wp:term":[{"taxonomy":"category","embeddable":true,"href":"https:\/\/blogs.correiobraziliense.com.br\/servidor\/wp-json\/wp\/v2\/categories?post=20173"},{"taxonomy":"post_tag","embeddable":true,"href":"https:\/\/blogs.correiobraziliense.com.br\/servidor\/wp-json\/wp\/v2\/tags?post=20173"}],"curies":[{"name":"wp","href":"https:\/\/api.w.org\/{rel}","templated":true}]}}