{"id":20169,"date":"2021-07-15T19:10:02","date_gmt":"2021-07-15T22:10:02","guid":{"rendered":"https:\/\/blogs.correiobraziliense.com.br\/servidor\/?p=20169"},"modified":"2021-07-15T19:10:02","modified_gmt":"2021-07-15T22:10:02","slug":"especialistas-se-mobilizam-para-barrar-pl-que-determina-pagamento-antecipado-de-pericia-para-acao-contra-inss","status":"publish","type":"post","link":"https:\/\/blogs.correiobraziliense.com.br\/servidor\/especialistas-se-mobilizam-para-barrar-pl-que-determina-pagamento-antecipado-de-pericia-para-acao-contra-inss\/","title":{"rendered":"Especialistas se mobilizam para barrar PL que determina pagamento antecipado de per\u00edcia para a\u00e7\u00e3o contra INSS"},"content":{"rendered":"<p><em><strong>Um grupo de especialistas, entre eles a advogada Thais Riedel, est\u00e1 se organizando para pressionar deputados a apresentarem um recurso e o PL voltar para a C\u00e2mara. A ideia \u00e9 que o projeto seja apreciado pelo Plen\u00e1rio da casa, onde h\u00e1 mais chances de ser derrotado<\/strong><\/em><\/p>\n<p><img loading=\"lazy\" decoding=\"async\" class=\"alignright size-full wp-image-18400\" src=\"https:\/\/blogs.correiobraziliense.com.br\/servidor\/wp-content\/uploads\/sites\/10\/2020\/11\/INSS-FOTO.png\" alt=\"\" width=\"580\" height=\"453\" srcset=\"https:\/\/blogs.correiobraziliense.com.br\/servidor\/wp-content\/uploads\/sites\/10\/2020\/11\/INSS-FOTO.png 580w, https:\/\/blogs.correiobraziliense.com.br\/servidor\/wp-content\/uploads\/sites\/10\/2020\/11\/INSS-FOTO-300x234.png 300w, https:\/\/blogs.correiobraziliense.com.br\/servidor\/wp-content\/uploads\/sites\/10\/2020\/11\/INSS-FOTO-550x430.png 550w, https:\/\/blogs.correiobraziliense.com.br\/servidor\/wp-content\/uploads\/sites\/10\/2020\/11\/INSS-FOTO-230x180.png 230w\" sizes=\"auto, (max-width: 580px) 100vw, 580px\" \/><\/p>\n<p>Para a presidente do Instituto Brasiliense de Direito Previdenci\u00e1rio (Ibdprev) e advogada especialista em Direito Previdenci\u00e1rio, Thais Riedel, a medida limita o acesso \u00e0 Justi\u00e7a. \u201cEstamos em um contexto social muito complicado em decorr\u00eancia da pandemia. Se limitarmos excessivamente o acesso \u00e0 Justi\u00e7a, teremos um agravamento desse quadro social, al\u00e9m de afastar o cidad\u00e3o dos seus direitos\u201d.<\/p>\n<p>Segundo a advogada, houve um crescimento expressivo de recursos ao INSS em decorr\u00eancia do pente fino realizado pelo \u00f3rg\u00e3o desde 2018. E, sem d\u00favida, a medida vai fazer com que as pessoas se sintam inibidas a recorrer dos seus direitos. \u201cA norma limita a gratuidade pericial para quem tem receitas mensais de at\u00e9 meio sal\u00e1rio m\u00ednimo, o que fica em torno de R$ 550 hoje, ou renda familiar mensal de at\u00e9 tr\u00eas sal\u00e1rios m\u00ednimos, R$ 3.300. Uma per\u00edcia pode custar muito mais que isso. Como o trabalhador vai ingressar com o pedido? Ele pode at\u00e9 estar certo, mas n\u00e3o ter\u00e1 condi\u00e7\u00f5es de arcar, antecipadamente, com o valor\u201d, defende.<\/p>\n<p>O PL foi aprovado pela C\u00e2mara e segue para o Senado. Presidente do Instituto Brasiliense de Direito Previdenci\u00e1rio entende que medida limita acesso \u00e0 Justi\u00e7a e prejudica popula\u00e7\u00e3o menos favorecida.\u00a0A Comiss\u00e3o de Constitui\u00e7\u00e3o e Justi\u00e7a (CCJ) da C\u00e2mara dos Deputados aprovou, na quarta-feira (14), um PL que obriga os trabalhadores que quiserem ingressar com a\u00e7\u00e3o contra o INSS a pagarem pela per\u00edcia. Hoje, os trabalhadores que t\u00eam direito \u00e0 gratuidade de Justi\u00e7a n\u00e3o precisam arcar com esses custos.<\/p>\n<p>De acordo com a medida aprovada na CCJ, a partir de 2022, s\u00f3 ter\u00e3o direto ao benef\u00edcio quem cumulativamente tiver acesso \u00e0 gratuidade de Justi\u00e7a e for de fam\u00edlia de baixa renda. Caso a Justi\u00e7a entenda que o autor da a\u00e7\u00e3o est\u00e1 correto, a Justi\u00e7a Federal devolve o valor pericial ao final do processo.<\/p>\n<p>Em defesa o relator do texto, deputado Darci de Matos (PSD-SC), esclareceu que a per\u00edcia m\u00e9dica\u00a0ser\u00e1 gratuita para quem realmente precisa. Segundo Matos, o texto foi constru\u00eddo em acordo com o governo, com o IBPM (Instituto Brasileiro de Per\u00edcia M\u00e9dica) e com a Ajufe (Associa\u00e7\u00e3o dos Ju\u00edzes Federais do Brasil).<\/p>\n<p>Um grupo de especialistas, entre eles Thais Riedel, est\u00e1 se organizando para pressionar deputados a apresentarem um recurso e o PL voltar para a C\u00e2mara. A ideia \u00e9 que o projeto seja apreciado pelo Plen\u00e1rio da casa, onde h\u00e1 mais chances de ser derrotado.<\/p>\n<p>\u201cA Constitui\u00e7\u00e3o Federal e o C\u00f3digo Civil s\u00e3o claros em garantir o acesso gratuito \u00e0 Justi\u00e7a. Em um momento t\u00e3o delicado do pa\u00eds como o que vivemos, n\u00e3o cabe a ningu\u00e9m limitar esse acesso\u201d, defende Thais.<\/p>\n","protected":false},"excerpt":{"rendered":"<p>Um grupo de especialistas, entre eles a advogada Thais Riedel, est\u00e1 se organizando para pressionar deputados a apresentarem um recurso e o PL voltar para a C\u00e2mara. A ideia \u00e9 que o projeto seja apreciado pelo Plen\u00e1rio da casa, onde h\u00e1 mais chances de ser derrotado Para a presidente do Instituto Brasiliense de Direito Previdenci\u00e1rio (Ibdprev) e advogada especialista em [&hellip;]<\/p>\n","protected":false},"author":27,"featured_media":0,"comment_status":"open","ping_status":"closed","sticky":false,"template":"","format":"standard","meta":{"footnotes":""},"categories":[2719],"tags":[84,1405,61,2187,619,382,12335,19129,11,260,151,1031,326,16213,1805,3088],"class_list":["post-20169","post","type-post","status-publish","format-standard","hentry","category-servidor","tag-acesso","tag-ajufe","tag-camara","tag-ccj","tag-direitos","tag-especialistas","tag-gratuidade","tag-ibpm","tag-inss","tag-justica","tag-pagamento","tag-pl","tag-receitas","tag-renda-familiar","tag-salario-minimo","tag-trabalhador"],"_links":{"self":[{"href":"https:\/\/blogs.correiobraziliense.com.br\/servidor\/wp-json\/wp\/v2\/posts\/20169","targetHints":{"allow":["GET"]}}],"collection":[{"href":"https:\/\/blogs.correiobraziliense.com.br\/servidor\/wp-json\/wp\/v2\/posts"}],"about":[{"href":"https:\/\/blogs.correiobraziliense.com.br\/servidor\/wp-json\/wp\/v2\/types\/post"}],"author":[{"embeddable":true,"href":"https:\/\/blogs.correiobraziliense.com.br\/servidor\/wp-json\/wp\/v2\/users\/27"}],"replies":[{"embeddable":true,"href":"https:\/\/blogs.correiobraziliense.com.br\/servidor\/wp-json\/wp\/v2\/comments?post=20169"}],"version-history":[{"count":1,"href":"https:\/\/blogs.correiobraziliense.com.br\/servidor\/wp-json\/wp\/v2\/posts\/20169\/revisions"}],"predecessor-version":[{"id":20170,"href":"https:\/\/blogs.correiobraziliense.com.br\/servidor\/wp-json\/wp\/v2\/posts\/20169\/revisions\/20170"}],"wp:attachment":[{"href":"https:\/\/blogs.correiobraziliense.com.br\/servidor\/wp-json\/wp\/v2\/media?parent=20169"}],"wp:term":[{"taxonomy":"category","embeddable":true,"href":"https:\/\/blogs.correiobraziliense.com.br\/servidor\/wp-json\/wp\/v2\/categories?post=20169"},{"taxonomy":"post_tag","embeddable":true,"href":"https:\/\/blogs.correiobraziliense.com.br\/servidor\/wp-json\/wp\/v2\/tags?post=20169"}],"curies":[{"name":"wp","href":"https:\/\/api.w.org\/{rel}","templated":true}]}}