{"id":20164,"date":"2021-07-15T15:31:22","date_gmt":"2021-07-15T18:31:22","guid":{"rendered":"https:\/\/blogs.correiobraziliense.com.br\/servidor\/?p=20164"},"modified":"2021-07-15T15:31:22","modified_gmt":"2021-07-15T18:31:22","slug":"procuradores-da-fazenda-nacional-e-advogados-da-uniao-se-articulam-para-indicacao-do-proximo-agu","status":"publish","type":"post","link":"https:\/\/blogs.correiobraziliense.com.br\/servidor\/procuradores-da-fazenda-nacional-e-advogados-da-uniao-se-articulam-para-indicacao-do-proximo-agu\/","title":{"rendered":"Procuradores da Fazenda Nacional e advogados da Uni\u00e3o se articulam para indica\u00e7\u00e3o do pr\u00f3ximo AGU"},"content":{"rendered":"<p><em><strong>Seis nomes mais votados entre as carreiras v\u00e3o compor lista a ser entregue ao presidente Jair Bolsonaro. O presidente, no entanto, n\u00e3o tem seguido as indica\u00e7\u00f5es das carreiras. Em 2019, por exemplo, ele deixou de lado a lista tr\u00edplice da ANPR e indicou para a PGR o na \u00e9poca\u00a0subprocurador-geral Augusto Aras<\/strong><\/em><\/p>\n<p><img loading=\"lazy\" decoding=\"async\" class=\"size-full wp-image-20165 aligncenter\" src=\"https:\/\/blogs.correiobraziliense.com.br\/servidor\/wp-content\/uploads\/sites\/10\/2021\/07\/AGU-FOTO.jpeg\" alt=\"\" width=\"768\" height=\"508\" srcset=\"https:\/\/blogs.correiobraziliense.com.br\/servidor\/wp-content\/uploads\/sites\/10\/2021\/07\/AGU-FOTO.jpeg 768w, https:\/\/blogs.correiobraziliense.com.br\/servidor\/wp-content\/uploads\/sites\/10\/2021\/07\/AGU-FOTO-300x198.jpeg 300w, https:\/\/blogs.correiobraziliense.com.br\/servidor\/wp-content\/uploads\/sites\/10\/2021\/07\/AGU-FOTO-550x364.jpeg 550w, https:\/\/blogs.correiobraziliense.com.br\/servidor\/wp-content\/uploads\/sites\/10\/2021\/07\/AGU-FOTO-230x152.jpeg 230w\" sizes=\"auto, (max-width: 768px) 100vw, 768px\" \/><\/p>\n<p>Procuradores da Fazenda Nacional e advogados da Uni\u00e3o iniciaram, nesta quinta-feira (15), a vota\u00e7\u00e3o que vai definir a lista s\u00eaxtupla de onde poder\u00e1 sair o nome do novo advogado-geral da Uni\u00e3o. Os tr\u00eas mais votados de cada carreira v\u00e3o compor o documento a ser entregue ao presidente Jair Bolsonaro no pr\u00f3ximo dia 30 de julho.<\/p>\n<p>A vota\u00e7\u00e3o \u00e9 coordenada pelo F\u00f3rum Nacional da Advocacia P\u00fablica Federal (Forvm), formado pelo Sindicato Nacional dos Procuradores da Fazenda Nacional (Sinprofaz), pela Associa\u00e7\u00e3o Nacional dos Membros das Carreiras da Advocacia-Geral da Uni\u00e3o (Anajur) e pela Associa\u00e7\u00e3o Nacional dos Advogados da Uni\u00e3o (Anauni).<\/p>\n<p>Para o presidente do Forvm e do Sinprofaz, Achilles Frias, &#8220;a elabora\u00e7\u00e3o de uma lista pelos integrantes da Advocacia-Geral da Uni\u00e3o refor\u00e7a o princ\u00edpio democr\u00e1tico dentro e fora da Institui\u00e7\u00e3o e confere legitimidade aos nomes, que ser\u00e3o escolhidos pelos pares em virtude da compet\u00eancia t\u00e9cnica demonstrada no exerc\u00edcio de suas fun\u00e7\u00f5es&#8221;.<\/p>\n<p>A nomea\u00e7\u00e3o do advogado-geral da Uni\u00e3o \u00e9 atribui\u00e7\u00e3o exclusiva do presidente da Rep\u00fablica que, de acordo com a Constitui\u00e7\u00e3o Federal, pode escolher qualquer cidad\u00e3o para comandar a Advocacia-Geral da Uni\u00e3o. O candidato, no entanto, deve ter acima de 35 anos, not\u00e1vel saber jur\u00eddico e reputa\u00e7\u00e3o ilibada. Atualmente, o cargo \u00e9 ocupado por Andr\u00e9 Mendon\u00e7a, indicado recentemente para o Supremo Tribunal Federal.<\/p>\n<p><strong>Processo eleitoral<\/strong><br \/>\nA vota\u00e7\u00e3o ocorrer\u00e1 de forma on-line, em duas etapas, por meio do endere\u00e7o www.listatripliceagu.com.br. Na primeira fase, de 15 a 19 de julho, os advogados p\u00fablicos poder\u00e3o indicar cinco nomes. A lista com os dez nomes mais votados de cada uma das duas carreiras ser\u00e1 divulgada at\u00e9 27 de julho.<\/p>\n<p>Na segunda etapa, nos dias 28 e 29 de julho, os mais votados da primeira fase ser\u00e3o submetidos a nova elei\u00e7\u00e3o, na qual os associados \u00e0s entidades poder\u00e3o indicar at\u00e9 tr\u00eas nomes. Os tr\u00eas advogados da Uni\u00e3o e os tr\u00eas procuradores da Fazenda Nacional mais votados na etapa final integrar\u00e3o a lista s\u00eaxtupla, que ser\u00e1 divulgada pelo Forvm no dia 30 de julho.<\/p>\n","protected":false},"excerpt":{"rendered":"<p>Seis nomes mais votados entre as carreiras v\u00e3o compor lista a ser entregue ao presidente Jair Bolsonaro. O presidente, no entanto, n\u00e3o tem seguido as indica\u00e7\u00f5es das carreiras. Em 2019, por exemplo, ele deixou de lado a lista tr\u00edplice da ANPR e indicou para a PGR o na \u00e9poca\u00a0subprocurador-geral Augusto Aras Procuradores da Fazenda Nacional e advogados da Uni\u00e3o iniciaram, [&hellip;]<\/p>\n","protected":false},"author":27,"featured_media":0,"comment_status":"open","ping_status":"closed","sticky":false,"template":"","format":"standard","meta":{"footnotes":""},"categories":[2719],"tags":[265,157,55,4395,2165,13649,986,19127,1435,4658,13727,1235,34,330],"class_list":["post-20164","post","type-post","status-publish","format-standard","hentry","category-servidor","tag-advogados","tag-agu","tag-carreiras","tag-fazenda-nacional","tag-indicacao","tag-jair-bolsonaro","tag-lista","tag-lista-sextupla","tag-nomes","tag-online","tag-processo-eleitoral","tag-procuradores","tag-stf","tag-uniao"],"_links":{"self":[{"href":"https:\/\/blogs.correiobraziliense.com.br\/servidor\/wp-json\/wp\/v2\/posts\/20164","targetHints":{"allow":["GET"]}}],"collection":[{"href":"https:\/\/blogs.correiobraziliense.com.br\/servidor\/wp-json\/wp\/v2\/posts"}],"about":[{"href":"https:\/\/blogs.correiobraziliense.com.br\/servidor\/wp-json\/wp\/v2\/types\/post"}],"author":[{"embeddable":true,"href":"https:\/\/blogs.correiobraziliense.com.br\/servidor\/wp-json\/wp\/v2\/users\/27"}],"replies":[{"embeddable":true,"href":"https:\/\/blogs.correiobraziliense.com.br\/servidor\/wp-json\/wp\/v2\/comments?post=20164"}],"version-history":[{"count":1,"href":"https:\/\/blogs.correiobraziliense.com.br\/servidor\/wp-json\/wp\/v2\/posts\/20164\/revisions"}],"predecessor-version":[{"id":20166,"href":"https:\/\/blogs.correiobraziliense.com.br\/servidor\/wp-json\/wp\/v2\/posts\/20164\/revisions\/20166"}],"wp:attachment":[{"href":"https:\/\/blogs.correiobraziliense.com.br\/servidor\/wp-json\/wp\/v2\/media?parent=20164"}],"wp:term":[{"taxonomy":"category","embeddable":true,"href":"https:\/\/blogs.correiobraziliense.com.br\/servidor\/wp-json\/wp\/v2\/categories?post=20164"},{"taxonomy":"post_tag","embeddable":true,"href":"https:\/\/blogs.correiobraziliense.com.br\/servidor\/wp-json\/wp\/v2\/tags?post=20164"}],"curies":[{"name":"wp","href":"https:\/\/api.w.org\/{rel}","templated":true}]}}