{"id":2016,"date":"2016-06-23T12:22:29","date_gmt":"2016-06-23T15:22:29","guid":{"rendered":"https:\/\/blogs.correiobraziliense.com.br\/servidor\/?p=2016"},"modified":"2016-06-23T12:22:29","modified_gmt":"2016-06-23T15:22:29","slug":"paralisacao-no-itamaraty-contra-corte-de-beneficios-se-espalha-pelo-mundo","status":"publish","type":"post","link":"https:\/\/blogs.correiobraziliense.com.br\/servidor\/paralisacao-no-itamaraty-contra-corte-de-beneficios-se-espalha-pelo-mundo\/","title":{"rendered":"Paralisa\u00e7\u00e3o no Itamaraty contra corte de benef\u00edcios se espalha pelo mundo"},"content":{"rendered":"<p>VICENTE NUNES<\/p>\n<p>O engajamento de servidores do Itamaraty \u00e0 paralisa\u00e7\u00e3o contra a retirada da Indeniza\u00e7\u00e3o de Representa\u00e7\u00e3o no Exterior (Irex) do 13\u00ba sal\u00e1rio e das f\u00e9rias, o que resultar\u00e1 em redu\u00e7\u00e3o de 40% nessas remunera\u00e7\u00f5es, foi enorme e despertou a preocupa\u00e7\u00e3o do ministro das Rela\u00e7\u00f5es Exteriores, Jos\u00e9 Serra. H\u00e1 o temor de que uma greve prolongada seja colocada em pr\u00e1tica, paralisando as atividades de todas as representadores do Brasil mundo afora.<\/p>\n<p>Houve manifesta\u00e7\u00f5es, entre outras, nas representa\u00e7\u00f5es de Kuala Lumpur, T\u00f3quio, Beirute, Barcelona,T\u00fanis, Bucareste, Cidade do Cabo, Abu Dabi, Teer\u00e3, Helsinki, Pequim, Copenhagen, Praga, Paris, Harare, Han\u00f3i, Porto, Estocolmo, Jacarta e Nova York. Tamb\u00e9m o atendimento do escrit\u00f3rio do Itamaraty em S\u00e3o Paulo parou os atendimentos. S\u00e3o mais de 300 por dia. Houve muitos questionamentos por parte do p\u00fablico, que foi obrigado a voltar para a casa de m\u00e3os abanando.<\/p>\n<p>O governo, por\u00e9m, est\u00e1 irredut\u00edvel em rela\u00e7\u00e3o ao fim da incorpora\u00e7\u00e3o da Irex ao 13\u00ba sal\u00e1rio e \u00e0s f\u00e9rias. O ministro interino do Planejamento, Dyogo de Oliveira, j\u00e1 avisou que a decis\u00e3o est\u00e1 tomada e n\u00e3o ser\u00e1 revertida. Muitos servidores culpam o Itamaraty de omiss\u00e3o.<\/p>\n<p>Em Bras\u00edlia, as manifesta\u00e7\u00f5es est\u00e3o marcadas para as 16h de hoje. O ministro Jos\u00e9 Serra j\u00e1 pediu refor\u00e7o para seguran\u00e7a, temendo tumulto.<\/p>\n<p><img loading=\"lazy\" decoding=\"async\" class=\"lazy alignnone wp-image-1591\" src=\"http:\/\/i0.wp.com\/blogs2.correiobraziliense.com.br\/vicente\/wp-content\/uploads\/sites\/16\/2016\/06\/ItamaratyBarcelona.jpg?resize=499%2C374\" alt=\"ItamaratyBarcelona\" width=\"499\" height=\"374\" \/><\/p>\n<p>Foto do Consulado de Barcelona<\/p>\n<p><img loading=\"lazy\" decoding=\"async\" class=\"lazy alignnone wp-image-1592\" src=\"http:\/\/i2.wp.com\/blogs2.correiobraziliense.com.br\/vicente\/wp-content\/uploads\/sites\/16\/2016\/06\/ItamaratyNY.jpg?resize=502%2C281\" alt=\"ItamaratyNY\" width=\"502\" height=\"281\" \/><\/p>\n<p>Escrit\u00f3rio Financeiro em Nova York<\/p>\n<p><img loading=\"lazy\" decoding=\"async\" class=\"lazy alignnone wp-image-1593\" src=\"http:\/\/i2.wp.com\/blogs2.correiobraziliense.com.br\/vicente\/wp-content\/uploads\/sites\/16\/2016\/06\/ItamaratyCopenhagen.jpg?resize=508%2C254\" alt=\"ItamaratyCopenhagen\" width=\"508\" height=\"254\" \/><\/p>\n<p>Embaixada em Copenhagen.<\/p>\n<p><img loading=\"lazy\" decoding=\"async\" class=\"lazy alignnone wp-image-1596\" src=\"http:\/\/i0.wp.com\/blogs2.correiobraziliense.com.br\/vicente\/wp-content\/uploads\/sites\/16\/2016\/06\/ItamaratyHongKong.jpg?resize=491%2C368\" alt=\"ItamaratyHongKong\" width=\"491\" height=\"368\" \/><\/p>\n<p>Consulado de Hong Kong<\/p>\n","protected":false},"excerpt":{"rendered":"<p>VICENTE NUNES O engajamento de servidores do Itamaraty \u00e0 paralisa\u00e7\u00e3o contra a retirada da Indeniza\u00e7\u00e3o de Representa\u00e7\u00e3o no Exterior (Irex) do 13\u00ba sal\u00e1rio e das f\u00e9rias, o que resultar\u00e1 em redu\u00e7\u00e3o de 40% nessas remunera\u00e7\u00f5es, foi enorme e despertou a preocupa\u00e7\u00e3o do ministro das Rela\u00e7\u00f5es Exteriores, Jos\u00e9 Serra. H\u00e1 o temor de que uma greve prolongada seja colocada em pr\u00e1tica, [&hellip;]<\/p>\n","protected":false},"author":27,"featured_media":0,"comment_status":"open","ping_status":"closed","sticky":false,"template":"","format":"standard","meta":{"footnotes":""},"categories":[1],"tags":[852,177,258,2462,1869,2463,1472,506,2464,2465,208,2466,2467],"class_list":["post-2016","post","type-post","status-publish","format-standard","hentry","category-sem-categoria","tag-beneficios","tag-contra","tag-corte","tag-espalha","tag-itamaraty","tag-jose-serra","tag-mundo","tag-paralisacao","tag-pediu","tag-reforco","tag-seguranca","tag-temendo","tag-tumulto"],"_links":{"self":[{"href":"https:\/\/blogs.correiobraziliense.com.br\/servidor\/wp-json\/wp\/v2\/posts\/2016","targetHints":{"allow":["GET"]}}],"collection":[{"href":"https:\/\/blogs.correiobraziliense.com.br\/servidor\/wp-json\/wp\/v2\/posts"}],"about":[{"href":"https:\/\/blogs.correiobraziliense.com.br\/servidor\/wp-json\/wp\/v2\/types\/post"}],"author":[{"embeddable":true,"href":"https:\/\/blogs.correiobraziliense.com.br\/servidor\/wp-json\/wp\/v2\/users\/27"}],"replies":[{"embeddable":true,"href":"https:\/\/blogs.correiobraziliense.com.br\/servidor\/wp-json\/wp\/v2\/comments?post=2016"}],"version-history":[{"count":1,"href":"https:\/\/blogs.correiobraziliense.com.br\/servidor\/wp-json\/wp\/v2\/posts\/2016\/revisions"}],"predecessor-version":[{"id":2017,"href":"https:\/\/blogs.correiobraziliense.com.br\/servidor\/wp-json\/wp\/v2\/posts\/2016\/revisions\/2017"}],"wp:attachment":[{"href":"https:\/\/blogs.correiobraziliense.com.br\/servidor\/wp-json\/wp\/v2\/media?parent=2016"}],"wp:term":[{"taxonomy":"category","embeddable":true,"href":"https:\/\/blogs.correiobraziliense.com.br\/servidor\/wp-json\/wp\/v2\/categories?post=2016"},{"taxonomy":"post_tag","embeddable":true,"href":"https:\/\/blogs.correiobraziliense.com.br\/servidor\/wp-json\/wp\/v2\/tags?post=2016"}],"curies":[{"name":"wp","href":"https:\/\/api.w.org\/{rel}","templated":true}]}}