{"id":20148,"date":"2021-07-14T20:59:06","date_gmt":"2021-07-14T23:59:06","guid":{"rendered":"https:\/\/blogs.correiobraziliense.com.br\/servidor\/?p=20148"},"modified":"2021-07-14T21:01:53","modified_gmt":"2021-07-15T00:01:53","slug":"bolsas-de-estudo-parciais-para-programas-de-formacao-de-gestores-no-servico-publico","status":"publish","type":"post","link":"https:\/\/blogs.correiobraziliense.com.br\/servidor\/bolsas-de-estudo-parciais-para-programas-de-formacao-de-gestores-no-servico-publico\/","title":{"rendered":"Bolsas de estudo parciais para programas de forma\u00e7\u00e3o de gestores no servi\u00e7o p\u00fablico"},"content":{"rendered":"<p><em><strong>Est\u00e3o abertas as inscri\u00e7\u00f5es para tr\u00eas programas on-line, com aulas em tempo real, para servidores p\u00fablicos dos governos federal, estadual e municipal de todo o Brasil. Os programas t\u00eam o apoio da Parceria Vamos &#8211; formada por\u00a0 tr\u00eas organiza\u00e7\u00f5es da sociedade civil: a Funda\u00e7\u00e3o Lemann, o Instituto humanize e a Rep\u00fablica.org -, que ir\u00e1 conceder bolsas parciais para os servidores interessados em participar<\/strong><\/em><\/p>\n<p><img loading=\"lazy\" decoding=\"async\" class=\"alignright size-full wp-image-20149\" src=\"https:\/\/blogs.correiobraziliense.com.br\/servidor\/wp-content\/uploads\/sites\/10\/2021\/07\/EDUCA\u00c7\u00c3O.jpg\" alt=\"\" width=\"600\" height=\"400\" srcset=\"https:\/\/blogs.correiobraziliense.com.br\/servidor\/wp-content\/uploads\/sites\/10\/2021\/07\/EDUCA\u00c7\u00c3O.jpg 600w, https:\/\/blogs.correiobraziliense.com.br\/servidor\/wp-content\/uploads\/sites\/10\/2021\/07\/EDUCA\u00c7\u00c3O-300x200.jpg 300w, https:\/\/blogs.correiobraziliense.com.br\/servidor\/wp-content\/uploads\/sites\/10\/2021\/07\/EDUCA\u00c7\u00c3O-550x367.jpg 550w, https:\/\/blogs.correiobraziliense.com.br\/servidor\/wp-content\/uploads\/sites\/10\/2021\/07\/EDUCA\u00c7\u00c3O-230x153.jpg 230w\" sizes=\"auto, (max-width: 600px) 100vw, 600px\" \/><\/p>\n<p>Os programas t\u00eam o objetivo de aprimorar a forma\u00e7\u00e3o dos servidores p\u00fablicos na \u00e1rea de gest\u00e3o de pessoas e de recursos humanos e s\u00e3o oferecidos por renomadas institui\u00e7\u00f5es de ensino: Funda\u00e7\u00e3o Dom Cabral, Funda\u00e7\u00e3o Jo\u00e3o Pinheiro e Insper (neste caso, h\u00e1 tamb\u00e9m parceria com a Funda\u00e7\u00e3o Brava, al\u00e9m da Vamos).\u00a0 Os interessados podem se inscrever no site das institui\u00e7\u00f5es.<\/p>\n<p><strong>RH<\/strong><\/p>\n<p>Oferecido pela Funda\u00e7\u00e3o Dom Cabral, o Programa RH Estrat\u00e9gico no Setor P\u00fablico foca na vis\u00e3o sist\u00eamica de gest\u00e3o e projetos e na implementa\u00e7\u00e3o de planos de a\u00e7\u00e3o em pol\u00edticas de gest\u00e3o de pessoas. O programa, que come\u00e7a no dia 13 de agosto e vai at\u00e9 21 de outubro,\u00a0 tem 70 horas de carga hor\u00e1ria e \u00e9 voltado para lideran\u00e7as de recursos humanos (secret\u00e1rios e subsecret\u00e1rios, diretores e gerentes) respons\u00e1veis pela gest\u00e3o estrat\u00e9gica de pessoas.<\/p>\n<p><strong>Gest\u00e3o<\/strong><\/p>\n<p>Com in\u00edcio previsto para 9 de agosto, o Programa de Forma\u00e7\u00e3o em Gest\u00e3o de Pessoas: desenvolvendo compet\u00eancias para liderar transforma\u00e7\u00f5es estrat\u00e9gicas e inovadoras nas pol\u00edticas de RH do setor p\u00fablico \u00e9 oferecido pela Funda\u00e7\u00e3o Jo\u00e3o Pinheiro. O curso tem como objetivo qualificar gestores para uma atua\u00e7\u00e3o estrat\u00e9gica e inovadora na gest\u00e3o de pessoas no setor p\u00fablico.<\/p>\n<p><strong>Executivo<\/strong><\/p>\n<p>Voltado para altas lideran\u00e7as de \u00f3rg\u00e3os governamentais, o Programa Executivo em Gest\u00e3o de Pessoas no Setor P\u00fablico, do Insper, vai apresentar estudos e experi\u00eancias nacionais e internacionais (adaptadas ao contexto brasileiro) com passos a serem percorridos para promover equipes qualificadas,\u00a0comprometidas e bem gerenciadas para a entrega de pol\u00edticas p\u00fablicas com qualidade. O curso tem in\u00edcio em 6 de agosto.<\/p>\n<p><strong><u>SERVI\u00c7O<\/u><\/strong><\/p>\n<ol>\n<li><strong><em>Funda\u00e7\u00e3o Dom Cabral <\/em><\/strong><\/li>\n<\/ol>\n<p><em>Programa RH Estrat\u00e9gico no Setor P\u00fablico <\/em><\/p>\n<p>In\u00edcio: 13.08.2021<\/p>\n<p>T\u00e9rmino: 21.10.2021<\/p>\n<p>Hor\u00e1rio: 9h \u00e0s 13h (dias variados da semana)<\/p>\n<p>Carga hor\u00e1ria: 70 horas<\/p>\n<p>P\u00fablico alvo:\u00a0 lideran\u00e7as de RH do setor p\u00fablico na administra\u00e7\u00e3o direta e indireta. Secret\u00e1rios, subsecret\u00e1rios, superintendentes, diretores e gerentes respons\u00e1veis pela gest\u00e3o estrat\u00e9gica de pessoas.<\/p>\n<p>N\u00famero de vagas: at\u00e9 40 participantes<\/p>\n<p>Inscri\u00e7\u00f5es podem ser feitas pelo <a href=\"https:\/\/www.fdc.org.br\/gestao-publica\/rh-estrategico-para-o-setor-publico\">https:\/\/www.fdc.org.br\/gestao-publica\/rh-estrategico-para-o-setor-publico<\/a><\/p>\n<ol start=\"2\">\n<li><strong><em>Funda\u00e7\u00e3o Jo\u00e3o Pinheiro<\/em><\/strong><\/li>\n<\/ol>\n<p><em>Programa de Forma\u00e7\u00e3o em Gest\u00e3o de Pessoas: desenvolvendo compet\u00eancias para liderar transforma\u00e7\u00f5es estrat\u00e9gicas e inovadoras nas pol\u00edticas de RH do setor p\u00fablico<\/em><\/p>\n<p>In\u00edcio: 09.08.2021<\/p>\n<p>T\u00e9rmino: 06.12.2021<\/p>\n<p>Hor\u00e1rio: segundas e quartas-feiras, das 16h \u00e0s 19h<\/p>\n<p>Carga hor\u00e1ria: 110 horas<\/p>\n<p>P\u00fablico alvo: profissionais do setor p\u00fablico que ocupam posi\u00e7\u00f5es-chave na \u00e1rea de gest\u00e3o de pessoas do governo federal, estadual e municipal. O foco dos cursos s\u00e3o times.<\/p>\n<p>N\u00famero de vagas: at\u00e9 36 participantes (9 times)<\/p>\n<p>Inscri\u00e7\u00f5es podem ser feitas pelo<\/p>\n<p><a href=\"http:\/\/novosite.fjp.mg.gov.br\/programa-de-formacao-em-gestao-de-pessoas\/\">http:\/\/novosite.fjp.mg.gov.br\/programa-de-formacao-em-gestao-de-pessoas\/<\/a><\/p>\n<ol>\n<li><strong><em>Insper<\/em><\/strong><\/li>\n<\/ol>\n<p><strong>\u00a0<\/strong><em>Programa Executivo em Gest\u00e3o de Pessoas no Setor P\u00fablico <\/em><\/p>\n<p>In\u00edcio: 06.08.2021<\/p>\n<p>T\u00e9rmino: 06.10.2021<\/p>\n<p>Hor\u00e1rio: quartas e sextas-feiras das 8h30 \u00e0s 10h30<\/p>\n<p>Carga hor\u00e1ria:\u00a0 28 horas<\/p>\n<p>P\u00fablico alvo: Secret\u00e1rios com poder de decis\u00e3o ou de execu\u00e7\u00e3o de atividades em rela\u00e7\u00e3o ao tema recursos humanos\/gest\u00e3o de pessoas, interessados em ampliar sua capacidade de promo\u00e7\u00e3o de transforma\u00e7\u00f5es efetivas na gest\u00e3o p\u00fablica.<\/p>\n<p>N\u00famero de vagas: at\u00e9 30 participantes<\/p>\n<p>Inscri\u00e7\u00f5es podem ser feitas pelo<\/p>\n<p><a href=\"https:\/\/www.insper.edu.br\/educacao-executiva\/cursos-de-curta-duracao\/politicas-publicas\/programa-executivo-em-gestao-de-pessoas-no-setor-publico\/\">https:\/\/www.insper.edu.br\/educacao-executiva\/cursos-de-curta-duracao\/politicas-publicas\/programa-executivo-em-gestao-de-pessoas-no-setor-publico\/<\/a><\/p>\n<p>&nbsp;<\/p>\n","protected":false},"excerpt":{"rendered":"<p>Est\u00e3o abertas as inscri\u00e7\u00f5es para tr\u00eas programas on-line, com aulas em tempo real, para servidores p\u00fablicos dos governos federal, estadual e municipal de todo o Brasil. Os programas t\u00eam o apoio da Parceria Vamos &#8211; formada por\u00a0 tr\u00eas organiza\u00e7\u00f5es da sociedade civil: a Funda\u00e7\u00e3o Lemann, o Instituto humanize e a Rep\u00fablica.org -, que ir\u00e1 conceder bolsas parciais para os servidores [&hellip;]<\/p>\n","protected":false},"author":27,"featured_media":0,"comment_status":"open","ping_status":"closed","sticky":false,"template":"","format":"standard","meta":{"footnotes":""},"categories":[2719],"tags":[19119,917,9,4443,315,4384,781,4658,4882,340,575,58,9989],"class_list":["post-20148","post","type-post","status-publish","format-standard","hentry","category-servidor","tag-bolsas-de-estudo","tag-carga-horaria","tag-executivo","tag-formacao","tag-gestao","tag-gestores","tag-inscricoes","tag-online","tag-parciais","tag-rh","tag-servico-publico","tag-servidores","tag-tempo-real"],"_links":{"self":[{"href":"https:\/\/blogs.correiobraziliense.com.br\/servidor\/wp-json\/wp\/v2\/posts\/20148","targetHints":{"allow":["GET"]}}],"collection":[{"href":"https:\/\/blogs.correiobraziliense.com.br\/servidor\/wp-json\/wp\/v2\/posts"}],"about":[{"href":"https:\/\/blogs.correiobraziliense.com.br\/servidor\/wp-json\/wp\/v2\/types\/post"}],"author":[{"embeddable":true,"href":"https:\/\/blogs.correiobraziliense.com.br\/servidor\/wp-json\/wp\/v2\/users\/27"}],"replies":[{"embeddable":true,"href":"https:\/\/blogs.correiobraziliense.com.br\/servidor\/wp-json\/wp\/v2\/comments?post=20148"}],"version-history":[{"count":2,"href":"https:\/\/blogs.correiobraziliense.com.br\/servidor\/wp-json\/wp\/v2\/posts\/20148\/revisions"}],"predecessor-version":[{"id":20151,"href":"https:\/\/blogs.correiobraziliense.com.br\/servidor\/wp-json\/wp\/v2\/posts\/20148\/revisions\/20151"}],"wp:attachment":[{"href":"https:\/\/blogs.correiobraziliense.com.br\/servidor\/wp-json\/wp\/v2\/media?parent=20148"}],"wp:term":[{"taxonomy":"category","embeddable":true,"href":"https:\/\/blogs.correiobraziliense.com.br\/servidor\/wp-json\/wp\/v2\/categories?post=20148"},{"taxonomy":"post_tag","embeddable":true,"href":"https:\/\/blogs.correiobraziliense.com.br\/servidor\/wp-json\/wp\/v2\/tags?post=20148"}],"curies":[{"name":"wp","href":"https:\/\/api.w.org\/{rel}","templated":true}]}}