{"id":2014,"date":"2016-06-23T12:12:15","date_gmt":"2016-06-23T15:12:15","guid":{"rendered":"https:\/\/blogs.correiobraziliense.com.br\/servidor\/?p=2014"},"modified":"2016-06-23T12:12:15","modified_gmt":"2016-06-23T15:12:15","slug":"mais-um-round-na-geap","status":"publish","type":"post","link":"https:\/\/blogs.correiobraziliense.com.br\/servidor\/mais-um-round-na-geap\/","title":{"rendered":"Mais um round na Geap"},"content":{"rendered":"<p><span style=\"color: #040404\"><span style=\"font-family: Utopia,sans-serif\"><span style=\"font-size: small\">A guerra judicial est\u00e1 longe de acabar na Geap, maior operadora de planos de sa\u00fade dos servidores p\u00fablicos federais. A Assessoria Jur\u00eddica dos representantes do funcionalismo, retirados da Presid\u00eancia do Conselho de Administra\u00e7\u00e3o (Conad) da operadora <\/span><\/span><\/span><span style=\"color: #040404\">\u2014 <\/span><span style=\"color: #040404\"><span style=\"font-family: Utopia,sans-serif\"><span style=\"font-size: small\">ap\u00f3s<\/span><\/span><\/span> <span style=\"color: #040404\"><span style=\"font-family: Utopia,sans-serif\"><span style=\"font-size: small\">uma batalha de liminares com a Casa Civil <\/span><\/span><\/span><span style=\"color: #040404\">\u2014 <\/span><span style=\"color: #040404\"><span style=\"font-family: Utopia,sans-serif\"><span style=\"font-size: small\">decidiu<\/span><\/span><\/span> <span style=\"color: #040404\"><span style=\"font-family: Utopia,sans-serif\"><span style=\"font-size: small\">lan\u00e7ar m\u00e3o de outra estrat\u00e9gia para impedir o aumento de 37,55% nas mensalidades. <\/span><\/span><\/span><\/p>\n<p><span style=\"color: #040404\"><span style=\"font-family: Utopia,sans-serif\"><span style=\"font-size: small\">V\u00e3o entrar com um pedido de terceiro interessado,<\/span><\/span><\/span> <span style=\"color: #040404\"><span style=\"font-family: Utopia,sans-serif\"><span style=\"font-size: small\">solicitando a participa\u00e7\u00e3o do Minist\u00e9rio P\u00fablico nas a\u00e7\u00f5es que tramitam no Tribunal Regional Federal (TRF1). Os processos impedem<\/span><\/span><\/span> <span style=\"color: #040404\"><span style=\"font-family: Utopia,sans-serif\"><span style=\"font-size: small\">a aplica\u00e7\u00e3o de 20% de reajuste, que, na interpreta\u00e7\u00e3o do governo, causa alto risco \u00e0 sobreviv\u00eancia da empresa.<\/span><\/span><\/span><\/p>\n<p><span style=\"font-family: Utopia,sans-serif\"><span style=\"font-size: small\"><span style=\"color: #040404\">O objetivo \u00e9 participar da mesma a\u00e7\u00e3o proposta pelo governo \u2014 teoricamente o advers\u00e1rio neste caso \u2014 e provar a tese de que os benefici\u00e1rios, sem condi\u00e7\u00f5es de arcar com o alto valor das contribui\u00e7\u00f5es, s\u00e3o obrigados a deixar o plano. A Geap perdeu mais de 130 mil associados desde dezembro de 2015. <\/span><\/span><\/span><\/p>\n<p><span style=\"font-family: Utopia,sans-serif\"><span style=\"font-size: small\"><span style=\"color: #040404\">Os benefici\u00e1rios querem, ainda, uma auditoria externa para apurar as constantes den\u00fancias contra o plano. O pedido de terceiro interessado foi feito ontem pela Federa\u00e7\u00e3o Nacional dos Sindicatos dos Trabalhadores em Sa\u00fade, Trabalho, Previd\u00eancia e Assist\u00eancia Social (Fenasps) e mais 12 entidades nacionais. <\/span><\/span><\/span><\/p>\n<p><span style=\"font-family: Utopia,sans-serif\"><span style=\"font-size: small\"><span style=\"color: #040404\">La\u00e9rcio de Oliveira, atual presidente do Conad, informou que vai apresentar um dossi\u00ea para esclarecer todas as d\u00favidas sobre o assunto e confirmou que os 20% afrontam as regras do programa de saneamento acordado com a Ag\u00eancia Nacional de Sa\u00fade (ANS).<\/span><\/span><\/span><\/p>\n","protected":false},"excerpt":{"rendered":"<p>A guerra judicial est\u00e1 longe de acabar na Geap, maior operadora de planos de sa\u00fade dos servidores p\u00fablicos federais. A Assessoria Jur\u00eddica dos representantes do funcionalismo, retirados da Presid\u00eancia do Conselho de Administra\u00e7\u00e3o (Conad) da operadora \u2014 ap\u00f3s uma batalha de liminares com a Casa Civil \u2014 decidiu lan\u00e7ar m\u00e3o de outra estrat\u00e9gia para impedir o aumento de 37,55% nas [&hellip;]<\/p>\n","protected":false},"author":27,"featured_media":0,"comment_status":"open","ping_status":"closed","sticky":false,"template":"","format":"standard","meta":{"footnotes":""},"categories":[1],"tags":[766,76,647,2461,951,2459,58,2460],"class_list":["post-2014","post","type-post","status-publish","format-standard","hentry","category-sem-categoria","tag-casa-civil","tag-geap","tag-guerra","tag-interessado","tag-judicial","tag-round","tag-servidores","tag-terceiro"],"_links":{"self":[{"href":"https:\/\/blogs.correiobraziliense.com.br\/servidor\/wp-json\/wp\/v2\/posts\/2014","targetHints":{"allow":["GET"]}}],"collection":[{"href":"https:\/\/blogs.correiobraziliense.com.br\/servidor\/wp-json\/wp\/v2\/posts"}],"about":[{"href":"https:\/\/blogs.correiobraziliense.com.br\/servidor\/wp-json\/wp\/v2\/types\/post"}],"author":[{"embeddable":true,"href":"https:\/\/blogs.correiobraziliense.com.br\/servidor\/wp-json\/wp\/v2\/users\/27"}],"replies":[{"embeddable":true,"href":"https:\/\/blogs.correiobraziliense.com.br\/servidor\/wp-json\/wp\/v2\/comments?post=2014"}],"version-history":[{"count":1,"href":"https:\/\/blogs.correiobraziliense.com.br\/servidor\/wp-json\/wp\/v2\/posts\/2014\/revisions"}],"predecessor-version":[{"id":2015,"href":"https:\/\/blogs.correiobraziliense.com.br\/servidor\/wp-json\/wp\/v2\/posts\/2014\/revisions\/2015"}],"wp:attachment":[{"href":"https:\/\/blogs.correiobraziliense.com.br\/servidor\/wp-json\/wp\/v2\/media?parent=2014"}],"wp:term":[{"taxonomy":"category","embeddable":true,"href":"https:\/\/blogs.correiobraziliense.com.br\/servidor\/wp-json\/wp\/v2\/categories?post=2014"},{"taxonomy":"post_tag","embeddable":true,"href":"https:\/\/blogs.correiobraziliense.com.br\/servidor\/wp-json\/wp\/v2\/tags?post=2014"}],"curies":[{"name":"wp","href":"https:\/\/api.w.org\/{rel}","templated":true}]}}