{"id":20133,"date":"2021-07-13T20:43:07","date_gmt":"2021-07-13T23:43:07","guid":{"rendered":"https:\/\/blogs.correiobraziliense.com.br\/servidor\/?p=20133"},"modified":"2021-07-13T20:43:07","modified_gmt":"2021-07-13T23:43:07","slug":"associacoes-de-caminhoneiros-convocam-estado-de-greve-a-partir-de-hoje","status":"publish","type":"post","link":"https:\/\/blogs.correiobraziliense.com.br\/servidor\/associacoes-de-caminhoneiros-convocam-estado-de-greve-a-partir-de-hoje\/","title":{"rendered":"Associa\u00e7\u00f5es de caminhoneiros convocam estado de greve a partir de hoje"},"content":{"rendered":"<p><em><strong>A convoca\u00e7\u00e3o parte de pelo menos tr\u00eas entidades representativas da categoria: Sinfor\u00e7a, dos transportadores do Rio Par\u00e1; Asstanques, do Esp\u00edrito Santo; e\u00a0 Sindtanque-SP. O estado de greve come\u00e7a imediatamente, dizem<\/strong><\/em><\/p>\n<figure id=\"attachment_14620\" aria-describedby=\"caption-attachment-14620\" style=\"width: 800px\" class=\"wp-caption alignright\"><img loading=\"lazy\" decoding=\"async\" class=\"size-full wp-image-14620\" src=\"https:\/\/blogs.correiobraziliense.com.br\/servidor\/wp-content\/uploads\/sites\/10\/2019\/12\/caminhneiros.jpg\" alt=\"caminhoneiros\" width=\"800\" height=\"533\" srcset=\"https:\/\/blogs.correiobraziliense.com.br\/servidor\/wp-content\/uploads\/sites\/10\/2019\/12\/caminhneiros.jpg 800w, https:\/\/blogs.correiobraziliense.com.br\/servidor\/wp-content\/uploads\/sites\/10\/2019\/12\/caminhneiros-300x200.jpg 300w, https:\/\/blogs.correiobraziliense.com.br\/servidor\/wp-content\/uploads\/sites\/10\/2019\/12\/caminhneiros-768x512.jpg 768w, https:\/\/blogs.correiobraziliense.com.br\/servidor\/wp-content\/uploads\/sites\/10\/2019\/12\/caminhneiros-350x233.jpg 350w, https:\/\/blogs.correiobraziliense.com.br\/servidor\/wp-content\/uploads\/sites\/10\/2019\/12\/caminhneiros-550x366.jpg 550w, https:\/\/blogs.correiobraziliense.com.br\/servidor\/wp-content\/uploads\/sites\/10\/2019\/12\/caminhneiros-230x153.jpg 230w\" sizes=\"auto, (max-width: 800px) 100vw, 800px\" \/><figcaption id=\"caption-attachment-14620\" class=\"wp-caption-text\">Paralisa\u00e7\u00e3o de caminhoneiros em maio de 2018. Cr\u00e9dito: Fernando Fraz\u00e3o\/Agencia Brasil.<\/figcaption><\/figure>\n<p>Para tentar impedir a greve, o presidente Jair Bolsonaro anunciou nesta ter\u00e7a-feira (13) que o governo vai fazer uma nova redu\u00e7\u00e3o do PIS\/Cofins cobrado sobre o diesel para diminuir os gastos dos caminhoneiros com combust\u00edvel, segundo informou o IG Economia. No entanto, esse grupo de caminhoneiros ainda n\u00e3o se mostraram convencidos.<\/p>\n<p>O presidente fez o an\u00fancio durante um discurso no evento que marcou a san\u00e7\u00e3o do projeto de privatiza\u00e7\u00e3o da Eletrobras .\u00a0Para a redu\u00e7\u00e3o da PIS\/Cofins em quatro centavos, Bolsonaro disse vai acabar com a isen\u00e7\u00e3o de outro setor, sem detalhar qual.<\/p>\n<p>A medida foi a forma encontrada pelo presidente para reduzir os riscos de uma nova greve de caminhoneiros , uma vez que a categoria se mostra insatisfeita com os sucessivos aumentos dos pre\u00e7os dos combust\u00edveis no pa\u00eds .<\/p>\n<p>Segundo a mat\u00e9ria,\u00a0Bolsonaro disse que est\u00e1 acertando com o Congresso Nacional a vota\u00e7\u00e3o do projeto de lei do governo que muda a forma de cobran\u00e7a do ICMS , um tributo estadual, e pediu ainda que os governadores trabalhem para ajudar os caminhoneiros.<\/p>\n","protected":false},"excerpt":{"rendered":"<p>A convoca\u00e7\u00e3o parte de pelo menos tr\u00eas entidades representativas da categoria: Sinfor\u00e7a, dos transportadores do Rio Par\u00e1; Asstanques, do Esp\u00edrito Santo; e\u00a0 Sindtanque-SP. O estado de greve come\u00e7a imediatamente, dizem Para tentar impedir a greve, o presidente Jair Bolsonaro anunciou nesta ter\u00e7a-feira (13) que o governo vai fazer uma nova redu\u00e7\u00e3o do PIS\/Cofins cobrado sobre o diesel para diminuir os [&hellip;]<\/p>\n","protected":false},"author":27,"featured_media":0,"comment_status":"open","ping_status":"closed","sticky":false,"template":"","format":"standard","meta":{"footnotes":""},"categories":[2719],"tags":[6331,19114,3819,5764,1169,3798,98,1125,6125,4522,570],"class_list":["post-20133","post","type-post","status-publish","format-standard","hentry","category-servidor","tag-caminhoneiros","tag-centavos","tag-combustiveis","tag-estado-de-greve","tag-gastos","tag-governadores","tag-governo","tag-icms","tag-isencao","tag-piscofins","tag-setor"],"_links":{"self":[{"href":"https:\/\/blogs.correiobraziliense.com.br\/servidor\/wp-json\/wp\/v2\/posts\/20133","targetHints":{"allow":["GET"]}}],"collection":[{"href":"https:\/\/blogs.correiobraziliense.com.br\/servidor\/wp-json\/wp\/v2\/posts"}],"about":[{"href":"https:\/\/blogs.correiobraziliense.com.br\/servidor\/wp-json\/wp\/v2\/types\/post"}],"author":[{"embeddable":true,"href":"https:\/\/blogs.correiobraziliense.com.br\/servidor\/wp-json\/wp\/v2\/users\/27"}],"replies":[{"embeddable":true,"href":"https:\/\/blogs.correiobraziliense.com.br\/servidor\/wp-json\/wp\/v2\/comments?post=20133"}],"version-history":[{"count":1,"href":"https:\/\/blogs.correiobraziliense.com.br\/servidor\/wp-json\/wp\/v2\/posts\/20133\/revisions"}],"predecessor-version":[{"id":20134,"href":"https:\/\/blogs.correiobraziliense.com.br\/servidor\/wp-json\/wp\/v2\/posts\/20133\/revisions\/20134"}],"wp:attachment":[{"href":"https:\/\/blogs.correiobraziliense.com.br\/servidor\/wp-json\/wp\/v2\/media?parent=20133"}],"wp:term":[{"taxonomy":"category","embeddable":true,"href":"https:\/\/blogs.correiobraziliense.com.br\/servidor\/wp-json\/wp\/v2\/categories?post=20133"},{"taxonomy":"post_tag","embeddable":true,"href":"https:\/\/blogs.correiobraziliense.com.br\/servidor\/wp-json\/wp\/v2\/tags?post=20133"}],"curies":[{"name":"wp","href":"https:\/\/api.w.org\/{rel}","templated":true}]}}