{"id":20085,"date":"2021-07-07T19:42:11","date_gmt":"2021-07-07T22:42:11","guid":{"rendered":"https:\/\/blogs.correiobraziliense.com.br\/servidor\/?p=20085"},"modified":"2021-07-07T19:42:11","modified_gmt":"2021-07-07T22:42:11","slug":"cptm-ferroviarios-confirmam-greve-para-o-dia-15-de-julho","status":"publish","type":"post","link":"https:\/\/blogs.correiobraziliense.com.br\/servidor\/cptm-ferroviarios-confirmam-greve-para-o-dia-15-de-julho\/","title":{"rendered":"CPTM: Ferrovi\u00e1rios confirmam greve para o dia 15 de julho"},"content":{"rendered":"<p><em><strong>A categoria protesta contra a insist\u00eancia da CPTM no reajuste zero para o ACT 21\/22 e tamb\u00e9m contra o calote promovido pela empresa e o governo do Estado ao n\u00e3o pagarem o PPR 2020.\u00a0A paralisa\u00e7\u00e3o das linhas da CPTM acontecer\u00e1 a partir da meia noite do pr\u00f3ximo dia 15, sem previs\u00e3o de t\u00e9rmino<\/strong><\/em><\/p>\n<p><img loading=\"lazy\" decoding=\"async\" class=\"alignright size-full wp-image-18939\" src=\"https:\/\/blogs.correiobraziliense.com.br\/servidor\/wp-content\/uploads\/sites\/10\/2021\/02\/GREVES-DIEESE.jpg\" alt=\"\" width=\"626\" height=\"313\" srcset=\"https:\/\/blogs.correiobraziliense.com.br\/servidor\/wp-content\/uploads\/sites\/10\/2021\/02\/GREVES-DIEESE.jpg 626w, https:\/\/blogs.correiobraziliense.com.br\/servidor\/wp-content\/uploads\/sites\/10\/2021\/02\/GREVES-DIEESE-300x150.jpg 300w, https:\/\/blogs.correiobraziliense.com.br\/servidor\/wp-content\/uploads\/sites\/10\/2021\/02\/GREVES-DIEESE-550x275.jpg 550w, https:\/\/blogs.correiobraziliense.com.br\/servidor\/wp-content\/uploads\/sites\/10\/2021\/02\/GREVES-DIEESE-230x115.jpg 230w\" sizes=\"auto, (max-width: 626px) 100vw, 626px\" \/><\/p>\n<p style=\"font-weight: 400\">O Sindicato da Sorocabana, em conjunto com os Sindicatos de S\u00e3o Paulo e dos Engenheiros de S\u00e3o Paulo, anuncia que os Ferrovi\u00e1rios da CPTM v\u00e3o parar a partir da 0 hora do dia 15 de julho. A decis\u00e3o foi tomada em assembleias e deve atingir todas as linhas da CPTM.<\/p>\n<p style=\"font-weight: 400\">\u201cReunimos a categoria em assembleias em cada sede seguindo todos os protocolos de seguran\u00e7a de sa\u00fade e os trabalhadores, cansados do descaso da empresa, decidiram dar um basta nessa situa\u00e7\u00e3o. Estamos em estado de greve desde o dia 1\u00ba de abril, depois do calote que sofremos em rela\u00e7\u00e3o ao PPR. Agora, a empresa tamb\u00e9m n\u00e3o aceita as cl\u00e1usulas econ\u00f4micas propostas para o ACT 21\/22\u201d, explica Jos\u00e9 Claudinei Messias, presidente interino do Sindicato da Sorocabana.<\/p>\n<p style=\"font-weight: 400\">A CPTM insiste em reajuste zero nas negocia\u00e7\u00f5es h\u00e1 dois anos e, agora no ACT 21\/22, atrasando a data-base da proposta e colocando em risco a sa\u00fade financeira dos ferrovi\u00e1rios. \u201cComo a categoria pode trabalhar tranquila se n\u00e3o h\u00e1 garantias de que receber\u00e1 recupera\u00e7\u00e3o das perdas salariais? O que a CPTM est\u00e1 fazendo \u00e9 desrespeitoso e mostra o quanto os ferrovi\u00e1rios representam somente n\u00fameros para a empresa e \u00e9 hora de dar um basta!\u201d, afirma Messias.<\/p>\n<p style=\"font-weight: 400\">Al\u00e9m disso, no que diz respeito ao pagamento do PPR 2020, os ferrovi\u00e1rios est\u00e3o indignados com o tratamento recebido da empresa. A CPTM n\u00e3o aceitou o acordo proposto pelo Minist\u00e9rio P\u00fablico para a liquida\u00e7\u00e3o da d\u00edvida do PPR 2020, que j\u00e1 tem duas parcelas vencidas e sem previs\u00e3o de pagamento, um verdadeiro calote da CPTM e do Governo do Estado.<\/p>\n<p style=\"font-weight: 400\">Cabe lembrar que durante a pandemia, os ferrovi\u00e1rios estiveram e est\u00e3o na linha de frente e considerados categoria essencial, sem qualquer considera\u00e7\u00e3o pela empresa ou Governo Estadual e tamb\u00e9m reclamam que durante a pandemia tiveram de comprar seus equipamentos de seguran\u00e7a, como m\u00e1scara e \u00e1lcool gel, que apenas passaram a ser fornecidos ap\u00f3s decis\u00e3o judicial depois de a\u00e7\u00e3o judicial do Sindicato e Minist\u00e9rio P\u00fablico.<\/p>\n<p style=\"font-weight: 400\">\n","protected":false},"excerpt":{"rendered":"<p>A categoria protesta contra a insist\u00eancia da CPTM no reajuste zero para o ACT 21\/22 e tamb\u00e9m contra o calote promovido pela empresa e o governo do Estado ao n\u00e3o pagarem o PPR 2020.\u00a0A paralisa\u00e7\u00e3o das linhas da CPTM acontecer\u00e1 a partir da meia noite do pr\u00f3ximo dia 15, sem previs\u00e3o de t\u00e9rmino O Sindicato da Sorocabana, em conjunto com [&hellip;]<\/p>\n","protected":false},"author":27,"featured_media":0,"comment_status":"open","ping_status":"closed","sticky":false,"template":"","format":"standard","meta":{"footnotes":""},"categories":[2719],"tags":[19087,7603,769,3711,98,15,3615,894,668,63,1470],"class_list":["post-20085","post","type-post","status-publish","format-standard","hentry","category-servidor","tag-act-21-22","tag-cptm","tag-data-base","tag-ferroviarios","tag-governo","tag-greve","tag-linhas","tag-negociacoes","tag-perdas","tag-reajuste","tag-salariais"],"_links":{"self":[{"href":"https:\/\/blogs.correiobraziliense.com.br\/servidor\/wp-json\/wp\/v2\/posts\/20085","targetHints":{"allow":["GET"]}}],"collection":[{"href":"https:\/\/blogs.correiobraziliense.com.br\/servidor\/wp-json\/wp\/v2\/posts"}],"about":[{"href":"https:\/\/blogs.correiobraziliense.com.br\/servidor\/wp-json\/wp\/v2\/types\/post"}],"author":[{"embeddable":true,"href":"https:\/\/blogs.correiobraziliense.com.br\/servidor\/wp-json\/wp\/v2\/users\/27"}],"replies":[{"embeddable":true,"href":"https:\/\/blogs.correiobraziliense.com.br\/servidor\/wp-json\/wp\/v2\/comments?post=20085"}],"version-history":[{"count":1,"href":"https:\/\/blogs.correiobraziliense.com.br\/servidor\/wp-json\/wp\/v2\/posts\/20085\/revisions"}],"predecessor-version":[{"id":20086,"href":"https:\/\/blogs.correiobraziliense.com.br\/servidor\/wp-json\/wp\/v2\/posts\/20085\/revisions\/20086"}],"wp:attachment":[{"href":"https:\/\/blogs.correiobraziliense.com.br\/servidor\/wp-json\/wp\/v2\/media?parent=20085"}],"wp:term":[{"taxonomy":"category","embeddable":true,"href":"https:\/\/blogs.correiobraziliense.com.br\/servidor\/wp-json\/wp\/v2\/categories?post=20085"},{"taxonomy":"post_tag","embeddable":true,"href":"https:\/\/blogs.correiobraziliense.com.br\/servidor\/wp-json\/wp\/v2\/tags?post=20085"}],"curies":[{"name":"wp","href":"https:\/\/api.w.org\/{rel}","templated":true}]}}