{"id":20082,"date":"2021-07-07T19:30:53","date_gmt":"2021-07-07T22:30:53","guid":{"rendered":"https:\/\/blogs.correiobraziliense.com.br\/servidor\/?p=20082"},"modified":"2021-07-07T19:30:53","modified_gmt":"2021-07-07T22:30:53","slug":"fenapef-intensifica-defesa-pelas-forcas-de-seguranca-como-carreiras-tipicas-de-estado","status":"publish","type":"post","link":"https:\/\/blogs.correiobraziliense.com.br\/servidor\/fenapef-intensifica-defesa-pelas-forcas-de-seguranca-como-carreiras-tipicas-de-estado\/","title":{"rendered":"Fenapef intensifica defesa pelas for\u00e7as de seguran\u00e7a como carreiras t\u00edpicas de Estado"},"content":{"rendered":"<p><em><strong>A cria\u00e7\u00e3o do Regime Jur\u00eddico Policial garante \u00e0s for\u00e7as de seguran\u00e7a civis assist\u00eancia jur\u00eddica adequada, mas com caracter\u00edsticas diferenciadas, por conta das especificidades das carreiras de seguran\u00e7a p\u00fablica. \u00c9 semelhante ao j\u00e1 adotado para os policiais militares, informa a Fenapef<\/strong><\/em><\/p>\n<p><img loading=\"lazy\" decoding=\"async\" class=\"alignright size-full wp-image-20083\" src=\"https:\/\/blogs.correiobraziliense.com.br\/servidor\/wp-content\/uploads\/sites\/10\/2021\/07\/FENAPEF.png\" alt=\"\" width=\"295\" height=\"149\" srcset=\"https:\/\/blogs.correiobraziliense.com.br\/servidor\/wp-content\/uploads\/sites\/10\/2021\/07\/FENAPEF.png 295w, https:\/\/blogs.correiobraziliense.com.br\/servidor\/wp-content\/uploads\/sites\/10\/2021\/07\/FENAPEF-230x116.png 230w\" sizes=\"auto, (max-width: 295px) 100vw, 295px\" \/><\/p>\n<p>O diretor parlamentar da Federa\u00e7\u00e3o Nacional dos Pol\u00edcias Federais (Fenapef), Marcus Firme, se reuniu na ter\u00e7a-feira (06), na C\u00e2mara dos Deputados, com o l\u00edder do PSL, Major Vitor Hugo, e o deputado federal Ant\u00f4nio Carlos Nicoletti para discutir a import\u00e2ncia da Emenda n\u00b01 \u00e0 PEC 32\/2020.<\/p>\n<p>O l\u00edder do partido assegurou que levar\u00e1 a pauta para a bancada, com o objetivo de promover a discuss\u00e3o e vota\u00e7\u00e3o pelos deputados membros.<\/p>\n<p>Para a Fenapef, o ideal \u00e9 apoiar outras frentes de combate \u00e0 PEC 32, respons\u00e1vel pelo desmonte da seguran\u00e7a p\u00fablica e trabalhar antecipadamente por essa emenda.<\/p>\n","protected":false},"excerpt":{"rendered":"<p>A cria\u00e7\u00e3o do Regime Jur\u00eddico Policial garante \u00e0s for\u00e7as de seguran\u00e7a civis assist\u00eancia jur\u00eddica adequada, mas com caracter\u00edsticas diferenciadas, por conta das especificidades das carreiras de seguran\u00e7a p\u00fablica. \u00c9 semelhante ao j\u00e1 adotado para os policiais militares, informa a Fenapef O diretor parlamentar da Federa\u00e7\u00e3o Nacional dos Pol\u00edcias Federais (Fenapef), Marcus Firme, se reuniu na ter\u00e7a-feira (06), na C\u00e2mara dos [&hellip;]<\/p>\n","protected":false},"author":27,"featured_media":0,"comment_status":"open","ping_status":"closed","sticky":false,"template":"","format":"standard","meta":{"footnotes":""},"categories":[2719],"tags":[55,1201,56,107,17071,18170,5266],"class_list":["post-20082","post","type-post","status-publish","format-standard","hentry","category-servidor","tag-carreiras","tag-defesa","tag-estado","tag-fenapef","tag-forcas-de-seguranca","tag-pec-32-2020","tag-tipicas"],"_links":{"self":[{"href":"https:\/\/blogs.correiobraziliense.com.br\/servidor\/wp-json\/wp\/v2\/posts\/20082","targetHints":{"allow":["GET"]}}],"collection":[{"href":"https:\/\/blogs.correiobraziliense.com.br\/servidor\/wp-json\/wp\/v2\/posts"}],"about":[{"href":"https:\/\/blogs.correiobraziliense.com.br\/servidor\/wp-json\/wp\/v2\/types\/post"}],"author":[{"embeddable":true,"href":"https:\/\/blogs.correiobraziliense.com.br\/servidor\/wp-json\/wp\/v2\/users\/27"}],"replies":[{"embeddable":true,"href":"https:\/\/blogs.correiobraziliense.com.br\/servidor\/wp-json\/wp\/v2\/comments?post=20082"}],"version-history":[{"count":1,"href":"https:\/\/blogs.correiobraziliense.com.br\/servidor\/wp-json\/wp\/v2\/posts\/20082\/revisions"}],"predecessor-version":[{"id":20084,"href":"https:\/\/blogs.correiobraziliense.com.br\/servidor\/wp-json\/wp\/v2\/posts\/20082\/revisions\/20084"}],"wp:attachment":[{"href":"https:\/\/blogs.correiobraziliense.com.br\/servidor\/wp-json\/wp\/v2\/media?parent=20082"}],"wp:term":[{"taxonomy":"category","embeddable":true,"href":"https:\/\/blogs.correiobraziliense.com.br\/servidor\/wp-json\/wp\/v2\/categories?post=20082"},{"taxonomy":"post_tag","embeddable":true,"href":"https:\/\/blogs.correiobraziliense.com.br\/servidor\/wp-json\/wp\/v2\/tags?post=20082"}],"curies":[{"name":"wp","href":"https:\/\/api.w.org\/{rel}","templated":true}]}}