{"id":20073,"date":"2021-07-07T16:54:09","date_gmt":"2021-07-07T19:54:09","guid":{"rendered":"https:\/\/blogs.correiobraziliense.com.br\/servidor\/?p=20073"},"modified":"2021-07-07T17:01:08","modified_gmt":"2021-07-07T20:01:08","slug":"emenda-a-pec-32-2020-que-garante-estabilidade-para-todos-os-servidores-recebe-180-assinaturas","status":"publish","type":"post","link":"https:\/\/blogs.correiobraziliense.com.br\/servidor\/emenda-a-pec-32-2020-que-garante-estabilidade-para-todos-os-servidores-recebe-180-assinaturas\/","title":{"rendered":"Emenda \u00e0 PEC 32\/2020 que garante estabilidade para todos os servidores recebe 180 assinaturas"},"content":{"rendered":"<p><em><strong>A Emenda Substitutiva Global \u00e0 PEC 32\/2020 completou 180 assinaturas nesta quarta-feira (7\/7), prazo para apresenta\u00e7\u00e3o das emendas \u00e0 reforma administrativa na Comiss\u00e3o Especial da C\u00e2mara dos Deputados. O texto \u00e9 de autoria do deputado federal Andr\u00e9 Figueiredo (PDT-CE) e coautoria do deputado federal Professor Israel Batista (PV-DF), secret\u00e1rio-geral e presidente da Frente Parlamentar Mista em Defesa do Servi\u00e7o P\u00fablico (Servir Brasil)<\/strong><\/em><\/p>\n<p><img loading=\"lazy\" decoding=\"async\" class=\"alignright size-full wp-image-18783\" src=\"https:\/\/blogs.correiobraziliense.com.br\/servidor\/wp-content\/uploads\/sites\/10\/2021\/01\/Logo-Assinatura.png\" alt=\"\" width=\"550\" height=\"163\" srcset=\"https:\/\/blogs.correiobraziliense.com.br\/servidor\/wp-content\/uploads\/sites\/10\/2021\/01\/Logo-Assinatura.png 550w, https:\/\/blogs.correiobraziliense.com.br\/servidor\/wp-content\/uploads\/sites\/10\/2021\/01\/Logo-Assinatura-300x89.png 300w, https:\/\/blogs.correiobraziliense.com.br\/servidor\/wp-content\/uploads\/sites\/10\/2021\/01\/Logo-Assinatura-230x68.png 230w\" sizes=\"auto, (max-width: 550px) 100vw, 550px\" \/><\/p>\n<p>A proposta garante a estabilidade para todos os servidores. Atualmente, a PEC 32 estabelece o benef\u00edcio apenas para os cargos t\u00edpicos de Estado. O texto tamb\u00e9m assegura os direitos para os aprovados em concursos homologados, uma inseguran\u00e7a jur\u00eddica da reforma administrativa. Al\u00e9m disso, retira o v\u00ednculo de experi\u00eancia, que tem prevista a cria\u00e7\u00e3o no texto original.<\/p>\n<p>Outro ponto fundamental da emenda \u00e9 a supress\u00e3o dos superpoderes ao presidente da Rep\u00fablica, que, segundo a reforma administrativa, pode, por decreto e de forma unilateral, criar, fundir e transformar minist\u00e9rios, \u00f3rg\u00e3os p\u00fablicos e cargos. A emenda exclui essa parte da reda\u00e7\u00e3o e retoma os princ\u00edpios da Constitui\u00e7\u00e3o Federal de 1988.<\/p>\n<p>&#8220;O pr\u00f3ximo passo \u00e9 pressionar para que os demais membros da Comiss\u00e3o Especial da PEC 32 votem pela aprova\u00e7\u00e3o da Emenda Substitutiva Global&#8221;, informa a Servir Brasil.<\/p>\n<p><strong>Assinaturas<\/strong><\/p>\n<p>A emenda substitutiva global \u00e0 PEC 32\/2020 superou o n\u00famero de assinaturas necess\u00e1rias (171 deputados federais) para valida\u00e7\u00e3o pela C\u00e2mara dos Deputados. O texto, de acordo com Rudinei Marques, presidente do F\u00f3rum Nacional das Carreiras de Estado (Fonacate) corrige v\u00e1rios problemas:\u00a0evita o aparelhamento do Estado e a inger\u00eancia pol\u00edtica; garante a estabilidade para todos os servidores; acaba com o v\u00ednculo de experi\u00eancia; retira os superpoderes dos governantes para altera\u00e7\u00e3o por decreto de atribui\u00e7\u00f5es; e garante seguran\u00e7a jur\u00eddica aos concursos homologados.<\/p>\n<p>\u201cTemos que celebrar essa vit\u00f3ria. A emenda substitutiva global da Frente Servir Brasil, apoiada integralmente pelo Fonacate, permite corrigir o texto original da PEC 32 e evitar imensos retrocessos na presta\u00e7\u00e3o de servi\u00e7os p\u00fablicos \u00e0 popula\u00e7\u00e3o. Parab\u00e9ns a todos que uniram for\u00e7as e lutaram para viabilizar a apresenta\u00e7\u00e3o da emenda\u201d, comemorou o presidente do Fonacate e da Fenaud, Rudinei Marques.<\/p>\n<p>&nbsp;<\/p>\n","protected":false},"excerpt":{"rendered":"<p>A Emenda Substitutiva Global \u00e0 PEC 32\/2020 completou 180 assinaturas nesta quarta-feira (7\/7), prazo para apresenta\u00e7\u00e3o das emendas \u00e0 reforma administrativa na Comiss\u00e3o Especial da C\u00e2mara dos Deputados. O texto \u00e9 de autoria do deputado federal Andr\u00e9 Figueiredo (PDT-CE) e coautoria do deputado federal Professor Israel Batista (PV-DF), secret\u00e1rio-geral e presidente da Frente Parlamentar Mista em Defesa do Servi\u00e7o P\u00fablico [&hellip;]<\/p>\n","protected":false},"author":27,"featured_media":0,"comment_status":"open","ping_status":"closed","sticky":false,"template":"","format":"standard","meta":{"footnotes":""},"categories":[2719],"tags":[1531,23,2450,620,18170,5166,15938,58,18468,19083],"class_list":["post-20073","post","type-post","status-publish","format-standard","hentry","category-servidor","tag-camara-dos-deputados","tag-concursos","tag-emenda","tag-estabilidade","tag-pec-32-2020","tag-presidente-da-republica","tag-reforma-administrativa","tag-servidores","tag-servir-brasil","tag-superpoderes"],"_links":{"self":[{"href":"https:\/\/blogs.correiobraziliense.com.br\/servidor\/wp-json\/wp\/v2\/posts\/20073","targetHints":{"allow":["GET"]}}],"collection":[{"href":"https:\/\/blogs.correiobraziliense.com.br\/servidor\/wp-json\/wp\/v2\/posts"}],"about":[{"href":"https:\/\/blogs.correiobraziliense.com.br\/servidor\/wp-json\/wp\/v2\/types\/post"}],"author":[{"embeddable":true,"href":"https:\/\/blogs.correiobraziliense.com.br\/servidor\/wp-json\/wp\/v2\/users\/27"}],"replies":[{"embeddable":true,"href":"https:\/\/blogs.correiobraziliense.com.br\/servidor\/wp-json\/wp\/v2\/comments?post=20073"}],"version-history":[{"count":2,"href":"https:\/\/blogs.correiobraziliense.com.br\/servidor\/wp-json\/wp\/v2\/posts\/20073\/revisions"}],"predecessor-version":[{"id":20075,"href":"https:\/\/blogs.correiobraziliense.com.br\/servidor\/wp-json\/wp\/v2\/posts\/20073\/revisions\/20075"}],"wp:attachment":[{"href":"https:\/\/blogs.correiobraziliense.com.br\/servidor\/wp-json\/wp\/v2\/media?parent=20073"}],"wp:term":[{"taxonomy":"category","embeddable":true,"href":"https:\/\/blogs.correiobraziliense.com.br\/servidor\/wp-json\/wp\/v2\/categories?post=20073"},{"taxonomy":"post_tag","embeddable":true,"href":"https:\/\/blogs.correiobraziliense.com.br\/servidor\/wp-json\/wp\/v2\/tags?post=20073"}],"curies":[{"name":"wp","href":"https:\/\/api.w.org\/{rel}","templated":true}]}}