{"id":20070,"date":"2021-07-07T15:49:52","date_gmt":"2021-07-07T18:49:52","guid":{"rendered":"https:\/\/blogs.correiobraziliense.com.br\/servidor\/?p=20070"},"modified":"2021-07-07T15:49:52","modified_gmt":"2021-07-07T18:49:52","slug":"mpf-abre-concurso-de-estagio-em-nivel-superior-para-estudantes-de-direito-2","status":"publish","type":"post","link":"https:\/\/blogs.correiobraziliense.com.br\/servidor\/mpf-abre-concurso-de-estagio-em-nivel-superior-para-estudantes-de-direito-2\/","title":{"rendered":"MPF abre concurso de est\u00e1gio em n\u00edvel superior para estudantes de direito"},"content":{"rendered":"<p><em><strong>O est\u00e1gio oferece bolsa de R$ 850 com carga hor\u00e1ria de 20 horas semanais, al\u00e9m de aux\u00edlio-transporte: Inscri\u00e7\u00f5es at\u00e9 o dia 23 de agosto. O processo seletivo ser\u00e1 virtual.\u00a0As provas objetiva e subjetiva est\u00e3o previstas para 1\u00ba de setembro, \u00e0s 13 horas, polo Moodle e ter\u00e3o dura\u00e7\u00e3o de quatro horas<\/strong><\/em><\/p>\n<p><img loading=\"lazy\" decoding=\"async\" class=\"alignright size-full wp-image-20071\" src=\"https:\/\/blogs.correiobraziliense.com.br\/servidor\/wp-content\/uploads\/sites\/10\/2021\/07\/CONCURSO.png\" alt=\"\" width=\"400\" height=\"266\" srcset=\"https:\/\/blogs.correiobraziliense.com.br\/servidor\/wp-content\/uploads\/sites\/10\/2021\/07\/CONCURSO.png 400w, https:\/\/blogs.correiobraziliense.com.br\/servidor\/wp-content\/uploads\/sites\/10\/2021\/07\/CONCURSO-300x200.png 300w, https:\/\/blogs.correiobraziliense.com.br\/servidor\/wp-content\/uploads\/sites\/10\/2021\/07\/CONCURSO-230x153.png 230w\" sizes=\"auto, (max-width: 400px) 100vw, 400px\" \/><\/p>\n<p>O Minist\u00e9rio P\u00fablico Federal (MPF) abre no dia 4 de agosto as inscri\u00e7\u00f5es para o 29\u00ba Concurso de Est\u00e1gio de Direito em n\u00edvel superior no Rio de Janeiro. Os candidatos dever\u00e3o preencher a ficha de inscri\u00e7\u00e3o at\u00e9 \u00e0s 17 horas do dia 23 de agosto de 2021.<\/p>\n<p>Ap\u00f3s fazer a pr\u00e9-inscri\u00e7\u00e3o online, o candidato dever\u00e1 apresentar por e-mail os documentos solicitados at\u00e9 \u00e0s 17 horas do dia 24 de agosto de 2021. Ser\u00e1 considerado eliminado do concurso aquele que n\u00e3o cumprir essa exig\u00eancia.<\/p>\n<p>O processo seletivo ser\u00e1 em ambiente virtual, para contrata\u00e7\u00e3o e forma\u00e7\u00e3o do quadro reserva de estagi\u00e1rios de n\u00edvel superior em Direito da Procuradoria da Rep\u00fablica no Estado do Rio de Janeiro (PR\/RJ). As inscri\u00e7\u00f5es s\u00e3o gratuitas.<\/p>\n<p>O est\u00e1gio ser\u00e1 em atividades correlatas ao curso de forma\u00e7\u00e3o, com dura\u00e7\u00e3o de 20 horas semanais. Os estagi\u00e1rios recebem bolsa no valor de R$ 850 e aux\u00edlio-transporte no valor de R$ 7 por dia. Al\u00e9m disso, t\u00eam direito a seguro contra acidentes pessoais e recebem um termo de realiza\u00e7\u00e3o de est\u00e1gio ao final do contrato.<\/p>\n<p>Os pr\u00e9-requisitos para inscri\u00e7\u00e3o no processo seletivo s\u00e3o: estar matriculado em uma das institui\u00e7\u00f5es de ensino superior conveniadas com o MPF; ter conclu\u00eddo, pelo menos, o 2\u00ba ano ou 4\u00ba semestre do curso superior, quando este tiver 10 ou mais semestres de dura\u00e7\u00e3o; ou o 3\u00ba semestre do curso superior, quando este tiver menos de 10 semestres de dura\u00e7\u00e3o; ou o 2\u00ba semestre do curso superior, quando a dura\u00e7\u00e3o do curso for igual a 6 semestres; ou o 1\u00ba semestre do curso superior, quando a dura\u00e7\u00e3o do curso for menor ou igual a 4 semestres; e n\u00e3o concluir o curso superior no 1\u00ba semestre de 2022.<\/p>\n<p><strong>Pr\u00e9-requisitos para a prova<\/strong><\/p>\n<p>Ter um computador desktop, notebook ou celular com acesso a navegador de Internet, com o modo de compatibilidade ativado; ter conex\u00e3o de internet est\u00e1vel o suficiente para n\u00e3o interromper a videochamada durante a aplica\u00e7\u00e3o da prova; ter um e-mail v\u00e1lido, pelo qual possa receber as mensagens de correio eletr\u00f4nico provenientes; estar previamente inscrito no processo seletivo e ter recebido o link de acesso \u00e0 prova, com a especifica\u00e7\u00e3o da data e hor\u00e1rio pr\u00e9-definidos, conforme as orienta\u00e7\u00f5es dispon\u00edveis em: http:\/\/www.mpf.mp.br\/r.<\/p>\n<p>Al\u00e9m disso, o candidato precisa de destreza suficiente para saber operar o computador, teclado, mouse e o navegador de internet, de forma a marcar as quest\u00f5es e seguir os comandos do avaliador, sem necessidade de ajuda externa; averiguar que nenhum programa instalado no computador cause interfer\u00eancias no decorrer da prova.<\/p>\n<p>Programas de bate-papo, players de m\u00eddia, console de jogos, pop-up diversos e afins dever\u00e3o permanecer encerrados e\/ou desativados durante toda a aplica\u00e7\u00e3o da prova. Estes pr\u00e9-requisitos poder\u00e3o ser revisados a qualquer tempo, de forma a compatibilizar a aplica\u00e7\u00e3o de provas, a crit\u00e9rio da unidade.<\/p>\n<p><strong>Confirma\u00e7\u00e3o da inscri\u00e7\u00e3o<\/strong><\/p>\n<p>Ap\u00f3s o preenchimento da ficha no site, o candidato dever\u00e1 apresentar por meio de e-mail para prrj-homologacao@mpf.mp.br, no per\u00edodo das 13 horas, do dia 04\/08\/2020 at\u00e9 \u00e0s 17 horas do dia 24\/08\/2021, os seguintes documentos: Documento de identidade com foto; Declara\u00e7\u00e3o de escolaridade expedida pela Institui\u00e7\u00e3o de Ensino conveniada, informando que o aluno est\u00e1 regularmente matriculado; CPF; Laudo m\u00e9dico na forma prevista no inciso 1.1 do item III do edital, no caso de o candidato se declarar com defici\u00eancia; Declara\u00e7\u00e3o espec\u00edfica, devidamente preenchida, para participar da sele\u00e7\u00e3o pelo sistema de cotas raciais (Anexo III do edital); Declara\u00e7\u00e3o espec\u00edfica, devidamente preenchida, para participar da sele\u00e7\u00e3o pelo sistema de minorias \u00e9tnico-raciais (Anexo IV do edital) e carta da comunidade da qual faz parte. Sendo considerado eliminado do concurso aquele que n\u00e3o cumprir essa exig\u00eancia.<\/p>\n<p><strong>Provas<\/strong><\/p>\n<p>As provas objetiva e subjetiva est\u00e3o previstas para 01\/09\/2021, 13 horas de Bras\u00edlia, por meio do sistema Moodle e ter\u00e3o dura\u00e7\u00e3o de 4 horas. O candidato dever\u00e1 mostrar, quando solicitado, documento de identidade com foto. N\u00e3o ser\u00e1 permitido o acesso de candidatos ao link da prova ap\u00f3s o hor\u00e1rio fixado para o in\u00edcio da prova.<\/p>\n<p>Veja o <a href=\"http:\/\/www.mpf.mp.br\/rj\/sala-de-imprensa\/docs\/pr-rj\/edital-29deg-processo-seletivo-estagio-direito\/view\">edital<\/a>.<\/p>\n<p><em>Foto: Secom PGR<\/em><\/p>\n","protected":false},"excerpt":{"rendered":"<p>O est\u00e1gio oferece bolsa de R$ 850 com carga hor\u00e1ria de 20 horas semanais, al\u00e9m de aux\u00edlio-transporte: Inscri\u00e7\u00f5es at\u00e9 o dia 23 de agosto. O processo seletivo ser\u00e1 virtual.\u00a0As provas objetiva e subjetiva est\u00e3o previstas para 1\u00ba de setembro, \u00e0s 13 horas, polo Moodle e ter\u00e3o dura\u00e7\u00e3o de quatro horas O Minist\u00e9rio P\u00fablico Federal (MPF) abre no dia 4 de [&hellip;]<\/p>\n","protected":false},"author":27,"featured_media":0,"comment_status":"open","ping_status":"closed","sticky":false,"template":"","format":"standard","meta":{"footnotes":""},"categories":[2719],"tags":[581,178,917,93,116,1159,1163,782,781,9214,309,4658,728],"class_list":["post-20070","post","type-post","status-publish","format-standard","hentry","category-servidor","tag-bolsa","tag-candidatos","tag-carga-horaria","tag-concurso","tag-direito","tag-estagio","tag-estudantes","tag-gratuitas","tag-inscricoes","tag-mpfrj","tag-nivel-superior","tag-online","tag-provas"],"_links":{"self":[{"href":"https:\/\/blogs.correiobraziliense.com.br\/servidor\/wp-json\/wp\/v2\/posts\/20070","targetHints":{"allow":["GET"]}}],"collection":[{"href":"https:\/\/blogs.correiobraziliense.com.br\/servidor\/wp-json\/wp\/v2\/posts"}],"about":[{"href":"https:\/\/blogs.correiobraziliense.com.br\/servidor\/wp-json\/wp\/v2\/types\/post"}],"author":[{"embeddable":true,"href":"https:\/\/blogs.correiobraziliense.com.br\/servidor\/wp-json\/wp\/v2\/users\/27"}],"replies":[{"embeddable":true,"href":"https:\/\/blogs.correiobraziliense.com.br\/servidor\/wp-json\/wp\/v2\/comments?post=20070"}],"version-history":[{"count":1,"href":"https:\/\/blogs.correiobraziliense.com.br\/servidor\/wp-json\/wp\/v2\/posts\/20070\/revisions"}],"predecessor-version":[{"id":20072,"href":"https:\/\/blogs.correiobraziliense.com.br\/servidor\/wp-json\/wp\/v2\/posts\/20070\/revisions\/20072"}],"wp:attachment":[{"href":"https:\/\/blogs.correiobraziliense.com.br\/servidor\/wp-json\/wp\/v2\/media?parent=20070"}],"wp:term":[{"taxonomy":"category","embeddable":true,"href":"https:\/\/blogs.correiobraziliense.com.br\/servidor\/wp-json\/wp\/v2\/categories?post=20070"},{"taxonomy":"post_tag","embeddable":true,"href":"https:\/\/blogs.correiobraziliense.com.br\/servidor\/wp-json\/wp\/v2\/tags?post=20070"}],"curies":[{"name":"wp","href":"https:\/\/api.w.org\/{rel}","templated":true}]}}