{"id":2007,"date":"2016-06-22T17:09:03","date_gmt":"2016-06-22T20:09:03","guid":{"rendered":"https:\/\/blogs.correiobraziliense.com.br\/servidor\/?p=2007"},"modified":"2016-06-22T17:09:03","modified_gmt":"2016-06-22T20:09:03","slug":"campanha-salarial-anfip-quer-projeto-de-lei-com-paridade-entre-ativos-e-aposentados","status":"publish","type":"post","link":"https:\/\/blogs.correiobraziliense.com.br\/servidor\/campanha-salarial-anfip-quer-projeto-de-lei-com-paridade-entre-ativos-e-aposentados\/","title":{"rendered":"Campanha salarial: Anfip quer projeto de lei com paridade entre ativos e aposentados"},"content":{"rendered":"<p style=\"text-align: left\" align=\"center\"><em>Associa\u00e7\u00e3o pressiona parlamentares para garantir que a paridade, n\u00e3o contemplada no texto do governo, possa ser inclu\u00edda no projeto por meio de emenda. Destaca que quebrar este princ\u00edpio constitucional prejudica 94% dos auditores<\/em><\/p>\n<p style=\"text-align: left\" align=\"center\">Por meio de nota, a Associa\u00e7\u00e3o Nacional dos Auditores Fiscais da Receita Federal (Anfip), ao citar mat\u00e9ria publicada pelo Correio Braziliense nesta quarta-feira (22), em que os auditores filiados ao Sindifisco divulgaram uma s\u00e9rie de mobiliza\u00e7\u00f5es a fim de pressionar o governo a encaminhar o texto (leia mat\u00e9ria <a href=\"http:\/\/cliente.linearclipping.com.br\/anfip\/site\/m012\/noticia.asp?cd_noticia=28040622\" target=\"_blank\">aqui<\/a>),informa que tem tentado buscar informa\u00e7\u00f5es precisas com representantes da Secretaria de Rela\u00e7\u00f5es do Trabalho do Minist\u00e9rio do Planejamento, por\u00e9m n\u00e3o h\u00e1 retorno \u00e0s sucessivas tentativas de contato.<\/p>\n<p style=\"text-align: left\" align=\"center\">&#8220;A Associa\u00e7\u00e3o j\u00e1 pediu oficialmente ao Planejamento a revis\u00e3o dos termos acordados a fim de garantir a paridade entre ativos, aposentados e pensionistas no texto a ser encaminhado ao Congresso. A entidade, paralelamente, continua contatando parlamentares a fim de que a paridade, caso n\u00e3o contemplada no texto do governo, possa ser inclu\u00edda no projeto por meio de emenda. O trabalho \u00e9 ininterrupto e a Anfip, conforme j\u00e1 anunciado, trabalhar\u00e1 para garantir a paridade, uma vez que quebrar este princ\u00edpio constitucional prejudica 94% dos auditores&#8221;, salienta.<\/p>\n","protected":false},"excerpt":{"rendered":"<p>Associa\u00e7\u00e3o pressiona parlamentares para garantir que a paridade, n\u00e3o contemplada no texto do governo, possa ser inclu\u00edda no projeto por meio de emenda. Destaca que quebrar este princ\u00edpio constitucional prejudica 94% dos auditores Por meio de nota, a Associa\u00e7\u00e3o Nacional dos Auditores Fiscais da Receita Federal (Anfip), ao citar mat\u00e9ria publicada pelo Correio Braziliense nesta quarta-feira (22), em que os [&hellip;]<\/p>\n","protected":false},"author":27,"featured_media":0,"comment_status":"open","ping_status":"closed","sticky":false,"template":"","format":"standard","meta":{"footnotes":""},"categories":[1],"tags":[771,345,865,31,305,2450,1505,294,18],"class_list":["post-2007","post","type-post","status-publish","format-standard","hentry","category-sem-categoria","tag-anfip","tag-aposentados","tag-ativos","tag-auditores","tag-campanha","tag-emenda","tag-paridade","tag-receita-federal","tag-salarial"],"_links":{"self":[{"href":"https:\/\/blogs.correiobraziliense.com.br\/servidor\/wp-json\/wp\/v2\/posts\/2007","targetHints":{"allow":["GET"]}}],"collection":[{"href":"https:\/\/blogs.correiobraziliense.com.br\/servidor\/wp-json\/wp\/v2\/posts"}],"about":[{"href":"https:\/\/blogs.correiobraziliense.com.br\/servidor\/wp-json\/wp\/v2\/types\/post"}],"author":[{"embeddable":true,"href":"https:\/\/blogs.correiobraziliense.com.br\/servidor\/wp-json\/wp\/v2\/users\/27"}],"replies":[{"embeddable":true,"href":"https:\/\/blogs.correiobraziliense.com.br\/servidor\/wp-json\/wp\/v2\/comments?post=2007"}],"version-history":[{"count":1,"href":"https:\/\/blogs.correiobraziliense.com.br\/servidor\/wp-json\/wp\/v2\/posts\/2007\/revisions"}],"predecessor-version":[{"id":2008,"href":"https:\/\/blogs.correiobraziliense.com.br\/servidor\/wp-json\/wp\/v2\/posts\/2007\/revisions\/2008"}],"wp:attachment":[{"href":"https:\/\/blogs.correiobraziliense.com.br\/servidor\/wp-json\/wp\/v2\/media?parent=2007"}],"wp:term":[{"taxonomy":"category","embeddable":true,"href":"https:\/\/blogs.correiobraziliense.com.br\/servidor\/wp-json\/wp\/v2\/categories?post=2007"},{"taxonomy":"post_tag","embeddable":true,"href":"https:\/\/blogs.correiobraziliense.com.br\/servidor\/wp-json\/wp\/v2\/tags?post=2007"}],"curies":[{"name":"wp","href":"https:\/\/api.w.org\/{rel}","templated":true}]}}