{"id":2005,"date":"2016-06-22T15:17:25","date_gmt":"2016-06-22T18:17:25","guid":{"rendered":"https:\/\/blogs.correiobraziliense.com.br\/servidor\/?p=2005"},"modified":"2016-06-22T15:17:25","modified_gmt":"2016-06-22T18:17:25","slug":"geap-representantes-de-servidores-discutem-hoje-saidas-juridicas-contra-reajuste-de-3755-nas-mensalidades","status":"publish","type":"post","link":"https:\/\/blogs.correiobraziliense.com.br\/servidor\/geap-representantes-de-servidores-discutem-hoje-saidas-juridicas-contra-reajuste-de-3755-nas-mensalidades\/","title":{"rendered":"Geap &#8211; Representantes de servidores discutem hoje sa\u00eddas jur\u00eddicas contra reajuste de 37,55% nas mensalidades"},"content":{"rendered":"<p><em>Na semana que vem, as entidades v\u00e3o se unir em um ato em defesa da Geap e dos planos de autogest\u00e3o<\/em><\/p>\n<p>A Confedera\u00e7\u00e3o Nacional dos Trabalhadores no Servi\u00e7o P\u00fablico Federal (Condsef) informou que, para discutir a situa\u00e7\u00e3o e buscar uma solu\u00e7\u00e3o jur\u00eddica definitiva que garanta justi\u00e7a aos servidores, assessorias das entidades que representam servidores assistidos pela Geap se re\u00fanem nesta quarta-feira, 22, em Bras\u00edlia. H\u00e1 em favor dos servidores o fato de que em diversos estados a Justi\u00e7a j\u00e1 havia se posicionado de forma favor\u00e1vel ao pedido de anula\u00e7\u00e3o de reajuste com percentual muito acima do praticado pelo mercado.<\/p>\n<p>No s\u00e1bado(18 de junho) \u00e0 noite, o governo interino, por meio da Casa Civil, conseguiu mandado de seguran\u00e7a que derrubou decis\u00e3o da Justi\u00e7a que garantia aos servidores p\u00fablicos um reajuste de 20% nas mensalidades da Geap. Com a decis\u00e3o, o plano que atende a maioria dos servidores federais e seus dependentes volta a ter mensalidade reajuste em 37,5%, percentual considerado abusivo e muito acima do praticado pelos representantes do funcionalismo.<\/p>\n<p>Como h\u00e1 precedentes de entendimento na dire\u00e7\u00e3o do reajuste de 20%, as entidades devem se valer dessas decis\u00f5es para questionar as liminares do governo interino. &#8220;\u00c9 inadmiss\u00edvel que este governo interino continue aplicando golpes prejudicando a classe trabalhadora&#8221;, destacou a Confedera\u00e7\u00e3o. Tamb\u00e9m na pr\u00f3xima semana, as entidades v\u00e3o se unir para realizar um ato em defesa da Geap e dos planos de autogest\u00e3o.<\/p>\n<p>&#8220;Desde sempre, a Condsef defende a sustenta\u00e7\u00e3o e o fortalecimento desse modelo que historicamente atende servidores e seus dependentes com os pre\u00e7os mais competitivos do mercado de planos de sa\u00fade. A maioria dos assistidos \u00e9 composta por pessoas acima dos 50 anos. Faz-se urgente continuar discutindo a situa\u00e7\u00e3o dos planos de autogest\u00e3o e buscar solu\u00e7\u00f5es definitivas para melhor\u00e1-los.<\/p>\n<p>\u00c9 importante assegurar o pagamento de valores justos e a seguran\u00e7a de assist\u00eancia m\u00e9dica aos servidores e seus dependentes naturais; isso at\u00e9 que o SUS (Sistema \u00danico de Sa\u00fade) ganhe a aten\u00e7\u00e3o fundamental por parte do governo e possa assumir integralmente sua miss\u00e3o de suprir a demanda por sa\u00fade da popula\u00e7\u00e3o brasileira.<\/p>\n<p>A Condsef continua defendendo o di\u00e1logo com o objetivo de debater estrat\u00e9gias e solu\u00e7\u00f5es para que o plano continue prestando servi\u00e7os levando em conta a realidade financeira de seus principais assistidos. Garantir o debate para ampliar a representatividade dos trabalhadores nas decis\u00f5es centrais de gest\u00e3o desses planos tamb\u00e9m se faz urgente&#8221;, divulgou a Condsef.<\/p>\n","protected":false},"excerpt":{"rendered":"<p>Na semana que vem, as entidades v\u00e3o se unir em um ato em defesa da Geap e dos planos de autogest\u00e3o A Confedera\u00e7\u00e3o Nacional dos Trabalhadores no Servi\u00e7o P\u00fablico Federal (Condsef) informou que, para discutir a situa\u00e7\u00e3o e buscar uma solu\u00e7\u00e3o jur\u00eddica definitiva que garanta justi\u00e7a aos servidores, assessorias das entidades que representam servidores assistidos pela Geap se re\u00fanem nesta [&hellip;]<\/p>\n","protected":false},"author":27,"featured_media":0,"comment_status":"open","ping_status":"closed","sticky":false,"template":"","format":"standard","meta":{"footnotes":""},"categories":[1],"tags":[21,2388,1486,177,1201,1299,76,113,1057,63,1765,2449,58],"class_list":["post-2005","post","type-post","status-publish","format-standard","hentry","category-sem-categoria","tag-ato","tag-autogestao","tag-condsef","tag-contra","tag-defesa","tag-discutem","tag-geap","tag-juridicas","tag-mensalidades","tag-reajuste","tag-representantes","tag-saidas","tag-servidores"],"_links":{"self":[{"href":"https:\/\/blogs.correiobraziliense.com.br\/servidor\/wp-json\/wp\/v2\/posts\/2005","targetHints":{"allow":["GET"]}}],"collection":[{"href":"https:\/\/blogs.correiobraziliense.com.br\/servidor\/wp-json\/wp\/v2\/posts"}],"about":[{"href":"https:\/\/blogs.correiobraziliense.com.br\/servidor\/wp-json\/wp\/v2\/types\/post"}],"author":[{"embeddable":true,"href":"https:\/\/blogs.correiobraziliense.com.br\/servidor\/wp-json\/wp\/v2\/users\/27"}],"replies":[{"embeddable":true,"href":"https:\/\/blogs.correiobraziliense.com.br\/servidor\/wp-json\/wp\/v2\/comments?post=2005"}],"version-history":[{"count":1,"href":"https:\/\/blogs.correiobraziliense.com.br\/servidor\/wp-json\/wp\/v2\/posts\/2005\/revisions"}],"predecessor-version":[{"id":2006,"href":"https:\/\/blogs.correiobraziliense.com.br\/servidor\/wp-json\/wp\/v2\/posts\/2005\/revisions\/2006"}],"wp:attachment":[{"href":"https:\/\/blogs.correiobraziliense.com.br\/servidor\/wp-json\/wp\/v2\/media?parent=2005"}],"wp:term":[{"taxonomy":"category","embeddable":true,"href":"https:\/\/blogs.correiobraziliense.com.br\/servidor\/wp-json\/wp\/v2\/categories?post=2005"},{"taxonomy":"post_tag","embeddable":true,"href":"https:\/\/blogs.correiobraziliense.com.br\/servidor\/wp-json\/wp\/v2\/tags?post=2005"}],"curies":[{"name":"wp","href":"https:\/\/api.w.org\/{rel}","templated":true}]}}