{"id":20047,"date":"2021-07-06T21:47:28","date_gmt":"2021-07-07T00:47:28","guid":{"rendered":"https:\/\/blogs.correiobraziliense.com.br\/servidor\/?p=20047"},"modified":"2021-07-06T21:47:42","modified_gmt":"2021-07-07T00:47:42","slug":"novo-curso-de-especializacao-em-direito-publico-abre-vagas-para-procuradores-de-estado-e-do-distrito-federal","status":"publish","type":"post","link":"https:\/\/blogs.correiobraziliense.com.br\/servidor\/novo-curso-de-especializacao-em-direito-publico-abre-vagas-para-procuradores-de-estado-e-do-distrito-federal\/","title":{"rendered":"Novo curso de especializa\u00e7\u00e3o em direito p\u00fablico abre vagas para procuradores de Estado e do Distrito Federal"},"content":{"rendered":"<p><em><strong>Come\u00e7am amanh\u00e3, quarta-feira (7), as inscri\u00e7\u00f5es para o primeiro curso de p\u00f3s-gradua\u00e7\u00e3o lato-sensu em Direito P\u00fablico da Escola Nacional de Advocacia P\u00fablica (Esnap), com o objetivo de atualizar o conhecimento doutrin\u00e1rio para o aperfei\u00e7oamento da atua\u00e7\u00e3o profissional dos advogados p\u00fablicos, contando com a excel\u00eancia acad\u00eamica do corpo docente da Faculdade de Direito da Universidade de S\u00e3o Paulo (FDUSP)<\/strong><\/em><\/p>\n<p><img loading=\"lazy\" decoding=\"async\" class=\"size-full wp-image-20049 alignright\" src=\"https:\/\/blogs.correiobraziliense.com.br\/servidor\/wp-content\/uploads\/sites\/10\/2021\/07\/DIREITO-P\u00d3S.jpg\" alt=\"\" width=\"284\" height=\"177\" srcset=\"https:\/\/blogs.correiobraziliense.com.br\/servidor\/wp-content\/uploads\/sites\/10\/2021\/07\/DIREITO-P\u00d3S.jpg 284w, https:\/\/blogs.correiobraziliense.com.br\/servidor\/wp-content\/uploads\/sites\/10\/2021\/07\/DIREITO-P\u00d3S-230x143.jpg 230w\" sizes=\"auto, (max-width: 284px) 100vw, 284px\" \/><\/p>\n<p>Trata-se de uma iniciativa in\u00e9dita da Associa\u00e7\u00e3o Nacional dos Procuradores dos Estados e do Distrito Federal (Anape\/Esnap), em parceria com a Universidade de S\u00e3o Paulo (USP). O curso tem dura\u00e7\u00e3o de 2 anos e ser\u00e1 ministrado na modalidade EAD. Est\u00e3o abertas 84 vagas para procuradores do Estado e do DF de todas as unidades da Federa\u00e7\u00e3o. As inscri\u00e7\u00f5es para o processo seletivo seguem abertas at\u00e9 16 de julho e podem ser feitas no site https:\/\/esnap.org.br\/.<\/p>\n","protected":false},"excerpt":{"rendered":"<p>Come\u00e7am amanh\u00e3, quarta-feira (7), as inscri\u00e7\u00f5es para o primeiro curso de p\u00f3s-gradua\u00e7\u00e3o lato-sensu em Direito P\u00fablico da Escola Nacional de Advocacia P\u00fablica (Esnap), com o objetivo de atualizar o conhecimento doutrin\u00e1rio para o aperfei\u00e7oamento da atua\u00e7\u00e3o profissional dos advogados p\u00fablicos, contando com a excel\u00eancia acad\u00eamica do corpo docente da Faculdade de Direito da Universidade de S\u00e3o Paulo (FDUSP) Trata-se de [&hellip;]<\/p>\n","protected":false},"author":27,"featured_media":0,"comment_status":"open","ping_status":"closed","sticky":false,"template":"","format":"standard","meta":{"footnotes":""},"categories":[2719],"tags":[],"class_list":["post-20047","post","type-post","status-publish","format-standard","hentry","category-servidor"],"_links":{"self":[{"href":"https:\/\/blogs.correiobraziliense.com.br\/servidor\/wp-json\/wp\/v2\/posts\/20047","targetHints":{"allow":["GET"]}}],"collection":[{"href":"https:\/\/blogs.correiobraziliense.com.br\/servidor\/wp-json\/wp\/v2\/posts"}],"about":[{"href":"https:\/\/blogs.correiobraziliense.com.br\/servidor\/wp-json\/wp\/v2\/types\/post"}],"author":[{"embeddable":true,"href":"https:\/\/blogs.correiobraziliense.com.br\/servidor\/wp-json\/wp\/v2\/users\/27"}],"replies":[{"embeddable":true,"href":"https:\/\/blogs.correiobraziliense.com.br\/servidor\/wp-json\/wp\/v2\/comments?post=20047"}],"version-history":[{"count":1,"href":"https:\/\/blogs.correiobraziliense.com.br\/servidor\/wp-json\/wp\/v2\/posts\/20047\/revisions"}],"predecessor-version":[{"id":20050,"href":"https:\/\/blogs.correiobraziliense.com.br\/servidor\/wp-json\/wp\/v2\/posts\/20047\/revisions\/20050"}],"wp:attachment":[{"href":"https:\/\/blogs.correiobraziliense.com.br\/servidor\/wp-json\/wp\/v2\/media?parent=20047"}],"wp:term":[{"taxonomy":"category","embeddable":true,"href":"https:\/\/blogs.correiobraziliense.com.br\/servidor\/wp-json\/wp\/v2\/categories?post=20047"},{"taxonomy":"post_tag","embeddable":true,"href":"https:\/\/blogs.correiobraziliense.com.br\/servidor\/wp-json\/wp\/v2\/tags?post=20047"}],"curies":[{"name":"wp","href":"https:\/\/api.w.org\/{rel}","templated":true}]}}