{"id":20044,"date":"2021-07-06T21:32:10","date_gmt":"2021-07-07T00:32:10","guid":{"rendered":"https:\/\/blogs.correiobraziliense.com.br\/servidor\/?p=20044"},"modified":"2021-07-06T21:32:10","modified_gmt":"2021-07-07T00:32:10","slug":"conamp-e-contra-a-reforma-administrativa","status":"publish","type":"post","link":"https:\/\/blogs.correiobraziliense.com.br\/servidor\/conamp-e-contra-a-reforma-administrativa\/","title":{"rendered":"Conamp \u00e9 contra a reforma administrativa"},"content":{"rendered":"<p><em><strong>O presidente da Associa\u00e7\u00e3o Nacional dos Membros do Minist\u00e9rio P\u00fablico (Conamp), Manoel Murrieta, criticou, a emenda que pretende incluir magistrados, promotores e procuradores na PEC 32\/2020, que define as regras da reforma administrativa<\/strong><\/em><\/p>\n<p><img loading=\"lazy\" decoding=\"async\" class=\"alignright size-full wp-image-20045\" src=\"https:\/\/blogs.correiobraziliense.com.br\/servidor\/wp-content\/uploads\/sites\/10\/2021\/07\/MANOEL-MURRIETA.jpg\" alt=\"\" width=\"560\" height=\"841\" srcset=\"https:\/\/blogs.correiobraziliense.com.br\/servidor\/wp-content\/uploads\/sites\/10\/2021\/07\/MANOEL-MURRIETA.jpg 560w, https:\/\/blogs.correiobraziliense.com.br\/servidor\/wp-content\/uploads\/sites\/10\/2021\/07\/MANOEL-MURRIETA-200x300.jpg 200w, https:\/\/blogs.correiobraziliense.com.br\/servidor\/wp-content\/uploads\/sites\/10\/2021\/07\/MANOEL-MURRIETA-550x826.jpg 550w, https:\/\/blogs.correiobraziliense.com.br\/servidor\/wp-content\/uploads\/sites\/10\/2021\/07\/MANOEL-MURRIETA-230x345.jpg 230w\" sizes=\"auto, (max-width: 560px) 100vw, 560px\" \/><\/p>\n<p>Murrieta participou de audi\u00eancia p\u00fablica na C\u00e2mara dos Deputados, em Bras\u00edlia, que debateu o regime jur\u00eddico da magistratura, na tarde de hoje.\u00a0Para Murrieta, a PEC 32\/2020 n\u00e3o apenas desconsidera o sistema jur\u00eddico, mas pode tornar fr\u00e1geis todos os Poderes da Rep\u00fablica.<\/p>\n<p>\u201cA vontade do constituinte origin\u00e1rio n\u00e3o pode ser mudada a qualquer tempestade que se avizinha. Ao contr\u00e1rio, ali est\u00e1 realmente o nosso norte para atravessar essa tormenta e chegar ao porto seguro. A necessidade de estabilidade constitucional se finca na teoria da separa\u00e7\u00e3o dos poderes. E, com a proposta de inclus\u00e3o da magistratura, principalmente do Minist\u00e9rio P\u00fablico, atrav\u00e9s de emenda nesse texto, \u00e9 um desrespeito \u00e0 teoria constitucional e \u00e0 teoria de separa\u00e7\u00e3o dos poderes\u201d, defendeu o presidente da Conamp.<\/p>\n","protected":false},"excerpt":{"rendered":"<p>O presidente da Associa\u00e7\u00e3o Nacional dos Membros do Minist\u00e9rio P\u00fablico (Conamp), Manoel Murrieta, criticou, a emenda que pretende incluir magistrados, promotores e procuradores na PEC 32\/2020, que define as regras da reforma administrativa Murrieta participou de audi\u00eancia p\u00fablica na C\u00e2mara dos Deputados, em Bras\u00edlia, que debateu o regime jur\u00eddico da magistratura, na tarde de hoje.\u00a0Para Murrieta, a PEC 32\/2020 n\u00e3o [&hellip;]<\/p>\n","protected":false},"author":27,"featured_media":0,"comment_status":"open","ping_status":"closed","sticky":false,"template":"","format":"standard","meta":{"footnotes":""},"categories":[2719],"tags":[1531,4460,2323,417,18170,3839,15938,14521,4331],"class_list":["post-20044","post","type-post","status-publish","format-standard","hentry","category-servidor","tag-camara-dos-deputados","tag-conamp","tag-magistratura","tag-ministerio-publico","tag-pec-32-2020","tag-poderes","tag-reforma-administrativa","tag-regime-juridico","tag-separacao"],"_links":{"self":[{"href":"https:\/\/blogs.correiobraziliense.com.br\/servidor\/wp-json\/wp\/v2\/posts\/20044","targetHints":{"allow":["GET"]}}],"collection":[{"href":"https:\/\/blogs.correiobraziliense.com.br\/servidor\/wp-json\/wp\/v2\/posts"}],"about":[{"href":"https:\/\/blogs.correiobraziliense.com.br\/servidor\/wp-json\/wp\/v2\/types\/post"}],"author":[{"embeddable":true,"href":"https:\/\/blogs.correiobraziliense.com.br\/servidor\/wp-json\/wp\/v2\/users\/27"}],"replies":[{"embeddable":true,"href":"https:\/\/blogs.correiobraziliense.com.br\/servidor\/wp-json\/wp\/v2\/comments?post=20044"}],"version-history":[{"count":1,"href":"https:\/\/blogs.correiobraziliense.com.br\/servidor\/wp-json\/wp\/v2\/posts\/20044\/revisions"}],"predecessor-version":[{"id":20046,"href":"https:\/\/blogs.correiobraziliense.com.br\/servidor\/wp-json\/wp\/v2\/posts\/20044\/revisions\/20046"}],"wp:attachment":[{"href":"https:\/\/blogs.correiobraziliense.com.br\/servidor\/wp-json\/wp\/v2\/media?parent=20044"}],"wp:term":[{"taxonomy":"category","embeddable":true,"href":"https:\/\/blogs.correiobraziliense.com.br\/servidor\/wp-json\/wp\/v2\/categories?post=20044"},{"taxonomy":"post_tag","embeddable":true,"href":"https:\/\/blogs.correiobraziliense.com.br\/servidor\/wp-json\/wp\/v2\/tags?post=20044"}],"curies":[{"name":"wp","href":"https:\/\/api.w.org\/{rel}","templated":true}]}}