{"id":20026,"date":"2021-07-06T14:37:50","date_gmt":"2021-07-06T17:37:50","guid":{"rendered":"https:\/\/blogs.correiobraziliense.com.br\/servidor\/?p=20026"},"modified":"2021-07-06T14:37:50","modified_gmt":"2021-07-06T17:37:50","slug":"apos-pressao-da-frentas-juizes-e-procuradores-sao-incluidos-no-debate-sobre-reforma-administrativa","status":"publish","type":"post","link":"https:\/\/blogs.correiobraziliense.com.br\/servidor\/apos-pressao-da-frentas-juizes-e-procuradores-sao-incluidos-no-debate-sobre-reforma-administrativa\/","title":{"rendered":"Ap\u00f3s press\u00e3o da Frentas, ju\u00edzes e procuradores s\u00e3o inclu\u00eddos no debate sobre reforma administrativa"},"content":{"rendered":"<p><em><strong>Parlamentares tiveram ju\u00edzo e preferiram n\u00e3o enfrentar classes t\u00e3o poderosas. As entidades representativas de magistrados, procuradores e promotores v\u00e3o comparecer \u00e0 audi\u00eancia na C\u00e2mara dos Deputados, logo mais, \u00e0s 14h30 e ter\u00e3o fala<\/strong><\/em><\/p>\n<p><img loading=\"lazy\" decoding=\"async\" class=\"alignright size-full wp-image-18403\" src=\"https:\/\/blogs.correiobraziliense.com.br\/servidor\/wp-content\/uploads\/sites\/10\/2020\/11\/martelo-de-madeira-e-bloco-de-som_207928-5.jpg\" alt=\"\" width=\"626\" height=\"391\" srcset=\"https:\/\/blogs.correiobraziliense.com.br\/servidor\/wp-content\/uploads\/sites\/10\/2020\/11\/martelo-de-madeira-e-bloco-de-som_207928-5.jpg 626w, https:\/\/blogs.correiobraziliense.com.br\/servidor\/wp-content\/uploads\/sites\/10\/2020\/11\/martelo-de-madeira-e-bloco-de-som_207928-5-300x187.jpg 300w, https:\/\/blogs.correiobraziliense.com.br\/servidor\/wp-content\/uploads\/sites\/10\/2020\/11\/martelo-de-madeira-e-bloco-de-som_207928-5-550x344.jpg 550w, https:\/\/blogs.correiobraziliense.com.br\/servidor\/wp-content\/uploads\/sites\/10\/2020\/11\/martelo-de-madeira-e-bloco-de-som_207928-5-230x144.jpg 230w\" sizes=\"auto, (max-width: 626px) 100vw, 626px\" \/><\/p>\n<p>Ontem, por meio de nota, a Frente Associativa da Magistratura e do Minist\u00e9rio P\u00fablico (Frentas) denunciou a exclus\u00e3o de magistrados e promotores e procuradores da audi\u00eancia da comiss\u00e3o especial da C\u00e2mara dos Deputados que discute, hoje, a possibilidade de inclus\u00e3o das carreiras na reforma administrativa (PEC 32\/2024). Eles n\u00e3o tinham sido convidados para debater temas que, consideram, dizem respeito diretamente \u00e0 fun\u00e7\u00e3o p\u00fablica que exercem.<\/p>\n<p>Na nota, a classe destacou que \u201ccercear o debate e impedir referidas carreiras de participarem das audi\u00eancias, a fim de apresentar os fundamentos jur\u00eddicos pertinentes \u00e0 mat\u00e9ria, redunda em um cen\u00e1rio diametralmente oposto \u00e0quele que se pretende em uma discuss\u00e3o s\u00e9ria e qualificada\u201d, segundo o documento, assinado pelos presidentes da AMB, Conamp, ANPR, AJUFE, Anamatra, ANPT, ANMPM, Amagis\/DF E AMPDFT.<\/p>\n<p>Veja o requerimento da C\u00e2mara:<\/p>\n<p>Tema:<\/p>\n<p>Magistratura, MP, TC, Advocacia P\u00fablica, Defensoria, Mandatos EletivosLocal:Anexo II, Plen\u00e1rio 07<\/p>\n<p>In\u00edcio: 06\/07\/2021 \u00e0s 14h30<\/p>\n<p>Situa\u00e7\u00e3o: Convocada<\/p>\n<p>Informa\u00e7\u00f5es: A &#8211; Audi\u00eancia P\u00fablica<\/p>\n<p>Tema: Regime jur\u00eddico da magistratura, dos membros do Minist\u00e9rio P\u00fablico, dos membros dos Tribunais de Contas, dos advogados p\u00fablicos, dos defensores p\u00fablicos e dos titulares de mandatos eletivos<\/p>\n<p>RENATA GIL DE ALCANTARA VIDEIRA, Presidente da Associa\u00e7\u00e3o dos Magistrados Brasileiros &#8211; AMB (REQs 2 e 72\/21);<\/p>\n<p>MANOEL VICTOR SERENI MURRIETA E TAVARES, Presidente da Associa\u00e7\u00e3o Nacional dos Membros do Minist\u00e9rio P\u00fablico &#8211; CONAMP (REQs 2 e 7\/21);<\/p>\n<p>PAULO MODESTO, Promotor de Justi\u00e7a do Estado da Bahia e Presidente do Instituto Brasileiro de Direito P\u00fablico (REQ 98\/21);<\/p>\n<p>CL\u00d3VIS DOS SANTOS ANDRADE, Presidente da Associa\u00e7\u00e3o Nacional dos Advogados da Uni\u00e3o &#8211; ANAUNI (REQs 3, 68 e 88\/21);<\/p>\n<p>RIVANA BARRETO RICARTE, Diretora Presidenta da Associa\u00e7\u00e3o Nacional das Defensoras e Defensores P\u00fablicos Estaduais &#8211; ANADEP (REQs 4, 11, 15, 62, 70 e 78\/21); e<\/p>\n<p>DANIEL MITIDIERI FERNANDES DE OLIVEIRA, Procurador Municipal e Advogado no Rio de Janeiro (REQ 53\/21).&#8221;<\/p>\n","protected":false},"excerpt":{"rendered":"<p>Parlamentares tiveram ju\u00edzo e preferiram n\u00e3o enfrentar classes t\u00e3o poderosas. As entidades representativas de magistrados, procuradores e promotores v\u00e3o comparecer \u00e0 audi\u00eancia na C\u00e2mara dos Deputados, logo mais, \u00e0s 14h30 e ter\u00e3o fala Ontem, por meio de nota, a Frente Associativa da Magistratura e do Minist\u00e9rio P\u00fablico (Frentas) denunciou a exclus\u00e3o de magistrados e promotores e procuradores da audi\u00eancia da [&hellip;]<\/p>\n","protected":false},"author":27,"featured_media":0,"comment_status":"open","ping_status":"closed","sticky":false,"template":"","format":"standard","meta":{"footnotes":""},"categories":[2719],"tags":[],"class_list":["post-20026","post","type-post","status-publish","format-standard","hentry","category-servidor"],"_links":{"self":[{"href":"https:\/\/blogs.correiobraziliense.com.br\/servidor\/wp-json\/wp\/v2\/posts\/20026","targetHints":{"allow":["GET"]}}],"collection":[{"href":"https:\/\/blogs.correiobraziliense.com.br\/servidor\/wp-json\/wp\/v2\/posts"}],"about":[{"href":"https:\/\/blogs.correiobraziliense.com.br\/servidor\/wp-json\/wp\/v2\/types\/post"}],"author":[{"embeddable":true,"href":"https:\/\/blogs.correiobraziliense.com.br\/servidor\/wp-json\/wp\/v2\/users\/27"}],"replies":[{"embeddable":true,"href":"https:\/\/blogs.correiobraziliense.com.br\/servidor\/wp-json\/wp\/v2\/comments?post=20026"}],"version-history":[{"count":1,"href":"https:\/\/blogs.correiobraziliense.com.br\/servidor\/wp-json\/wp\/v2\/posts\/20026\/revisions"}],"predecessor-version":[{"id":20027,"href":"https:\/\/blogs.correiobraziliense.com.br\/servidor\/wp-json\/wp\/v2\/posts\/20026\/revisions\/20027"}],"wp:attachment":[{"href":"https:\/\/blogs.correiobraziliense.com.br\/servidor\/wp-json\/wp\/v2\/media?parent=20026"}],"wp:term":[{"taxonomy":"category","embeddable":true,"href":"https:\/\/blogs.correiobraziliense.com.br\/servidor\/wp-json\/wp\/v2\/categories?post=20026"},{"taxonomy":"post_tag","embeddable":true,"href":"https:\/\/blogs.correiobraziliense.com.br\/servidor\/wp-json\/wp\/v2\/tags?post=20026"}],"curies":[{"name":"wp","href":"https:\/\/api.w.org\/{rel}","templated":true}]}}