{"id":20010,"date":"2021-07-05T19:13:23","date_gmt":"2021-07-05T22:13:23","guid":{"rendered":"https:\/\/blogs.correiobraziliense.com.br\/servidor\/?p=20010"},"modified":"2021-07-05T19:13:23","modified_gmt":"2021-07-05T22:13:23","slug":"saiba-em-quais-situacoes-o-seguro-de-vida-pode-ser-negado","status":"publish","type":"post","link":"https:\/\/blogs.correiobraziliense.com.br\/servidor\/saiba-em-quais-situacoes-o-seguro-de-vida-pode-ser-negado\/","title":{"rendered":"Saiba em quais situa\u00e7\u00f5es o seguro de vida pode ser negado"},"content":{"rendered":"<p><em><strong>Thiago Sena aponta cinco pontos que mais comprometem o indiv\u00edduo na an\u00e1lise de risco das operadoras, como doen\u00e7a pr\u00e9-existente, pr\u00e1tica de esportes radicais ou hist\u00f3rico familiar, entre outros<\/strong><\/em><\/p>\n<p><img loading=\"lazy\" decoding=\"async\" class=\"size-full wp-image-20012 aligncenter\" src=\"https:\/\/blogs.correiobraziliense.com.br\/servidor\/wp-content\/uploads\/sites\/10\/2021\/07\/VIDA-SEGURO.jpg\" alt=\"\" width=\"757\" height=\"283\" srcset=\"https:\/\/blogs.correiobraziliense.com.br\/servidor\/wp-content\/uploads\/sites\/10\/2021\/07\/VIDA-SEGURO.jpg 757w, https:\/\/blogs.correiobraziliense.com.br\/servidor\/wp-content\/uploads\/sites\/10\/2021\/07\/VIDA-SEGURO-300x112.jpg 300w, https:\/\/blogs.correiobraziliense.com.br\/servidor\/wp-content\/uploads\/sites\/10\/2021\/07\/VIDA-SEGURO-550x206.jpg 550w, https:\/\/blogs.correiobraziliense.com.br\/servidor\/wp-content\/uploads\/sites\/10\/2021\/07\/VIDA-SEGURO-230x86.jpg 230w\" sizes=\"auto, (max-width: 757px) 100vw, 757px\" \/><\/p>\n<p><em>Foto: Nomadan.org<\/em><\/p>\n<p>O especialista em planejamento de prote\u00e7\u00e3o pessoal, familiar e patrimonial, Thiago Sena, alerta que o melhor momento para se planejar com um seguro de vida \u00e9 quando estamos com boa sa\u00fade e com baixo risco, mas infelizmente \u00e9 neste momento que as pessoas menos pensam em prote\u00e7\u00e3o.<\/p>\n<p>\u201cA preven\u00e7\u00e3o \u00e9 sempre mais barata e inteligente que a corre\u00e7\u00e3o\u201d, ressalta Sena. Ele destaca que &#8220;ter\u00a0condi\u00e7\u00f5es financeiras favor\u00e1veis n\u00e3o garante que o indiv\u00edduo consiga obter seguro de vida, caso apresente situa\u00e7\u00f5es de risco para a operadora\u201d.<\/p>\n<p>Ele ressalta que quando o indiv\u00edduo resolveu ter um planejamento de prote\u00e7\u00e3o, a seguradora d\u00e1 in\u00edcio a um processo de an\u00e1lise de risco, &#8220;no qual ela ir\u00e1 avaliar se ele est\u00e1 apto para ser cliente da seguradora\u201d, explica.<\/p>\n<p>Veja os cinco ponto que mais resultam em recusa das pessoas em an\u00e1lises de risco, de acordo com Thiago Sena:<\/p>\n<p>1- Doen\u00e7a pr\u00e9-existente: Uma doen\u00e7a pr\u00e9-existente com certeza ser\u00e1 analisada, podendo ser at\u00e9 mesmo aprovada, por\u00e9m, em algumas situa\u00e7\u00f5es a pessoa pode ser recusada ou sobretaxada em seu plano devido ao risco.<\/p>\n<p>2- Pr\u00e1tica de esportes radicais: Praticantes de esportes radicais, amadores ou profissionais, normalmente t\u00eam um risco elevado na pr\u00e1tica do esporte, portanto algumas seguradoras recusam ou aprovam com sobretaxa, dependendo da frequ\u00eancia e do risco que o esporte oferece.<\/p>\n<p>3- Risco na atividade profissional: Algumas profiss\u00f5es oferecem riscos elevados aos profissionais, e, nesse sentido as seguradoras tamb\u00e9m podem recusar sobretaxar ou aprovar com restri\u00e7\u00f5es.<\/p>\n<p>4- Hist\u00f3rico de sa\u00fade na fam\u00edlia: N\u00e3o s\u00e3o todas., por\u00e9m existem seguradoras que utilizam do hist\u00f3rico familiar de pais e irm\u00e3os para avaliar o risco do poss\u00edvel segurado. Em alguns casos t\u00eam coberturas que nem podem ser contratadas.<\/p>\n<p>5- Falta de entrega na documenta\u00e7\u00e3o solicitada: Por mais simples que uma situa\u00e7\u00e3o de sa\u00fade seja, se a seguradora solicitar e a pessoa n\u00e3o entregar a documenta\u00e7\u00e3o e os exames, existe o risco da pessoa ser recusada por completo em seu seguro de vida.<\/p>\n","protected":false},"excerpt":{"rendered":"<p>Thiago Sena aponta cinco pontos que mais comprometem o indiv\u00edduo na an\u00e1lise de risco das operadoras, como doen\u00e7a pr\u00e9-existente, pr\u00e1tica de esportes radicais ou hist\u00f3rico familiar, entre outros Foto: Nomadan.org O especialista em planejamento de prote\u00e7\u00e3o pessoal, familiar e patrimonial, Thiago Sena, alerta que o melhor momento para se planejar com um seguro de vida \u00e9 quando estamos com boa [&hellip;]<\/p>\n","protected":false},"author":27,"featured_media":0,"comment_status":"open","ping_status":"closed","sticky":false,"template":"","format":"standard","meta":{"footnotes":""},"categories":[2719],"tags":[1224,760,19066,6440,2320,311,1843,2746,9451,1212,616,1618,17555],"class_list":["post-20010","post","type-post","status-publish","format-standard","hentry","category-servidor","tag-analise","tag-documentos","tag-doenca-pre-existente","tag-esportes","tag-familiar","tag-historico","tag-operadoras","tag-protecao","tag-radicais","tag-risco","tag-saude","tag-seguradora","tag-seguro-de-vida"],"_links":{"self":[{"href":"https:\/\/blogs.correiobraziliense.com.br\/servidor\/wp-json\/wp\/v2\/posts\/20010","targetHints":{"allow":["GET"]}}],"collection":[{"href":"https:\/\/blogs.correiobraziliense.com.br\/servidor\/wp-json\/wp\/v2\/posts"}],"about":[{"href":"https:\/\/blogs.correiobraziliense.com.br\/servidor\/wp-json\/wp\/v2\/types\/post"}],"author":[{"embeddable":true,"href":"https:\/\/blogs.correiobraziliense.com.br\/servidor\/wp-json\/wp\/v2\/users\/27"}],"replies":[{"embeddable":true,"href":"https:\/\/blogs.correiobraziliense.com.br\/servidor\/wp-json\/wp\/v2\/comments?post=20010"}],"version-history":[{"count":2,"href":"https:\/\/blogs.correiobraziliense.com.br\/servidor\/wp-json\/wp\/v2\/posts\/20010\/revisions"}],"predecessor-version":[{"id":20013,"href":"https:\/\/blogs.correiobraziliense.com.br\/servidor\/wp-json\/wp\/v2\/posts\/20010\/revisions\/20013"}],"wp:attachment":[{"href":"https:\/\/blogs.correiobraziliense.com.br\/servidor\/wp-json\/wp\/v2\/media?parent=20010"}],"wp:term":[{"taxonomy":"category","embeddable":true,"href":"https:\/\/blogs.correiobraziliense.com.br\/servidor\/wp-json\/wp\/v2\/categories?post=20010"},{"taxonomy":"post_tag","embeddable":true,"href":"https:\/\/blogs.correiobraziliense.com.br\/servidor\/wp-json\/wp\/v2\/tags?post=20010"}],"curies":[{"name":"wp","href":"https:\/\/api.w.org\/{rel}","templated":true}]}}