{"id":20006,"date":"2021-07-05T18:33:06","date_gmt":"2021-07-05T21:33:06","guid":{"rendered":"https:\/\/blogs.correiobraziliense.com.br\/servidor\/?p=20006"},"modified":"2021-07-05T18:33:06","modified_gmt":"2021-07-05T21:33:06","slug":"emenda-a-pec-32-2020-define-teto-remuneratorio-de-ministros-do-stf-para-servidores-do-executivo","status":"publish","type":"post","link":"https:\/\/blogs.correiobraziliense.com.br\/servidor\/emenda-a-pec-32-2020-define-teto-remuneratorio-de-ministros-do-stf-para-servidores-do-executivo\/","title":{"rendered":"Emenda \u00e0 PEC 32\/2020 define teto remunerat\u00f3rio de ministros do STF para servidores do Executivo"},"content":{"rendered":"<p><em><strong>Emenda do deputado Fausto Pinato (PP-SP) \u00e0 PEC 32 \u00e9 encaminhada \u00e0 Comiss\u00e3o Especial da Reforma Administrativa. De acordo com o parlamentar, n\u00e3o haver\u00e1 impactos financeiros ou or\u00e7ament\u00e1rios \u00e0 Uni\u00e3o<\/strong><\/em><\/p>\n<p><img loading=\"lazy\" decoding=\"async\" class=\"alignright size-full wp-image-20007\" src=\"https:\/\/blogs.correiobraziliense.com.br\/servidor\/wp-content\/uploads\/sites\/10\/2021\/07\/FAUSTO-PINATO.jpg\" alt=\"\" width=\"640\" height=\"480\" \/><\/p>\n<p>Esta emenda altera o artigo 37, inciso XI da Constitui\u00e7\u00e3o Federal, a fim de assegurar aos servidores de carreira de Estado o direito de terem o teto constitucional remunerat\u00f3rio igualado aos ministros do STF, desembargadores de tribunais de justi\u00e7a, membros do Minist\u00e9rio P\u00fablico, procuradores, defensores p\u00fablicos e servidores de carreiras espec\u00edficas essenciais ao funcionamento do Estado.<\/p>\n<p>Uma emenda \u00e0 PEC 32 &#8211; Reforma Administrativa &#8211; do deputado federal Fausto Pinato (PP-SP), que trata do teto remunerat\u00f3rio dos servidores de carreiras de Estado, foi acolhida pelo l\u00edder do partido, deputado federal Cac\u00e1 Le\u00e3o (BA), e ser\u00e1 encaminhada \u00e0 Comiss\u00e3o Especial que discute a PEC.<\/p>\n<p>Fausto Pinato ressaltou que n\u00e3o h\u00e1 impactos financeiros ou or\u00e7ament\u00e1rios \u00e0 Uni\u00e3o, porque preserva os limites remunerat\u00f3rios j\u00e1 previstos na Constitui\u00e7\u00e3o Federal. O texto da emenda foi constru\u00eddo em parceria com entidades que representam as diversas categorias de servidores de carreiras de estado.<\/p>\n<p>O parlamentar destacou o papel essencial destes servidores p\u00fablicos ao Estado, \u00e0 democracia e ao fortalecimento do estado democr\u00e1tico de direito. Por isso, \u00e9 importante apoi\u00e1-los nessa reforma administrativa.<\/p>\n<p>\u201cOs servidores p\u00fablicos de carreiras de Estado s\u00e3o injustamente criticados por quem deveria apoi\u00e1-los e respeit\u00e1-los. A reforma administrativa precisa corrigir injusti\u00e7as e eliminar excessos, por\u00e9m, n\u00e3o pode tirar direitos, sobretudo de quem ajuda o Brasil a seguir em frente\u201d, afirmou Pinato.<\/p>\n","protected":false},"excerpt":{"rendered":"<p>Emenda do deputado Fausto Pinato (PP-SP) \u00e0 PEC 32 \u00e9 encaminhada \u00e0 Comiss\u00e3o Especial da Reforma Administrativa. De acordo com o parlamentar, n\u00e3o haver\u00e1 impactos financeiros ou or\u00e7ament\u00e1rios \u00e0 Uni\u00e3o Esta emenda altera o artigo 37, inciso XI da Constitui\u00e7\u00e3o Federal, a fim de assegurar aos servidores de carreira de Estado o direito de terem o teto constitucional remunerat\u00f3rio igualado [&hellip;]<\/p>\n","protected":false},"author":27,"featured_media":0,"comment_status":"open","ping_status":"closed","sticky":false,"template":"","format":"standard","meta":{"footnotes":""},"categories":[2719],"tags":[618,4148,2584,9,18170,15938,58,34,18529,330],"class_list":["post-20006","post","type-post","status-publish","format-standard","hentry","category-servidor","tag-carreiras-de-estado","tag-comissao-especial","tag-constituicao","tag-executivo","tag-pec-32-2020","tag-reforma-administrativa","tag-servidores","tag-stf","tag-teto-remuneratorio","tag-uniao"],"_links":{"self":[{"href":"https:\/\/blogs.correiobraziliense.com.br\/servidor\/wp-json\/wp\/v2\/posts\/20006","targetHints":{"allow":["GET"]}}],"collection":[{"href":"https:\/\/blogs.correiobraziliense.com.br\/servidor\/wp-json\/wp\/v2\/posts"}],"about":[{"href":"https:\/\/blogs.correiobraziliense.com.br\/servidor\/wp-json\/wp\/v2\/types\/post"}],"author":[{"embeddable":true,"href":"https:\/\/blogs.correiobraziliense.com.br\/servidor\/wp-json\/wp\/v2\/users\/27"}],"replies":[{"embeddable":true,"href":"https:\/\/blogs.correiobraziliense.com.br\/servidor\/wp-json\/wp\/v2\/comments?post=20006"}],"version-history":[{"count":1,"href":"https:\/\/blogs.correiobraziliense.com.br\/servidor\/wp-json\/wp\/v2\/posts\/20006\/revisions"}],"predecessor-version":[{"id":20008,"href":"https:\/\/blogs.correiobraziliense.com.br\/servidor\/wp-json\/wp\/v2\/posts\/20006\/revisions\/20008"}],"wp:attachment":[{"href":"https:\/\/blogs.correiobraziliense.com.br\/servidor\/wp-json\/wp\/v2\/media?parent=20006"}],"wp:term":[{"taxonomy":"category","embeddable":true,"href":"https:\/\/blogs.correiobraziliense.com.br\/servidor\/wp-json\/wp\/v2\/categories?post=20006"},{"taxonomy":"post_tag","embeddable":true,"href":"https:\/\/blogs.correiobraziliense.com.br\/servidor\/wp-json\/wp\/v2\/tags?post=20006"}],"curies":[{"name":"wp","href":"https:\/\/api.w.org\/{rel}","templated":true}]}}