{"id":19986,"date":"2021-07-02T18:15:23","date_gmt":"2021-07-02T21:15:23","guid":{"rendered":"https:\/\/blogs.correiobraziliense.com.br\/servidor\/?p=19986"},"modified":"2021-07-02T18:15:23","modified_gmt":"2021-07-02T21:15:23","slug":"centrais-sindicais-convocam-todos-as-ruas-neste-sabado-3-julho","status":"publish","type":"post","link":"https:\/\/blogs.correiobraziliense.com.br\/servidor\/centrais-sindicais-convocam-todos-as-ruas-neste-sabado-3-julho\/","title":{"rendered":"Centrais sindicais convocam todos \u00e0s ruas neste s\u00e1bado, 3 julho"},"content":{"rendered":"<p><em><strong>Nove centrais sindicais, representantes de trabalhadores da iniciativa privada e do setor p\u00fablico, convocam para as manifesta\u00e7\u00f5es &#8220;pelo Fora Bolsonaro&#8221;. Mas tamb\u00e9m est\u00e3o na pauta: defesa do aux\u00edlio emergencial de R$ 600,00; contra a fome,\u00a0a carestia,\u00a0a reforma administrativa (PEC 32\/2020), privatiza\u00e7\u00f5es e por vacina j\u00e1 para todos<\/strong><\/em><\/p>\n<p><img loading=\"lazy\" decoding=\"async\" class=\"size-full wp-image-19987 aligncenter\" src=\"https:\/\/blogs.correiobraziliense.com.br\/servidor\/wp-content\/uploads\/sites\/10\/2021\/07\/FORA-BOZO.jpg\" alt=\"\" width=\"750\" height=\"500\" \/><\/p>\n<p><em>Foto: Partido dos Trabalhadores<\/em><\/p>\n<p>&#8220;J\u00e1 s\u00e3o mais de meio milh\u00e3o de vidas perdidas por Covid-19 no Brasil. O desemprego \u00e9\u00a0recorde: 14,8 milh\u00f5es de trabalhadores desocupados, al\u00e9m de 6 milh\u00f5es de\u00a0desalentados, aqueles que desistiram de procurar posto de trabalho. Milhares de\u00a0pequenas empresas e com\u00e9rcios fecharam as portas. A fome e a carestia empurram<br \/>\nmilh\u00f5es de brasileiros para a pobreza e extrema pobreza&#8221;, denunciam.<\/p>\n<p>Veja a nota:<\/p>\n<p>&#8220;A CUT, For\u00e7a Sindical, UGT, CTB, NCST, CSB, CSP-Conlutas, Inersindical, CGTB e P\u00fablica\u00a0convocam, de forma unit\u00e1ria, todos os seus entes da base e milit\u00e2ncia a ir \u00e0s ruas neste\u00a0s\u00e1bado, 3 de julho, pelo Fora Bolsonaro. \u00c9 indispens\u00e1vel que os protocolos sanit\u00e1rios \u2013\u00a0m\u00e1scara, \u00e1lcool em gel e distanciamento \u2013 sejam respeitados. Quem n\u00e3o se sentir<br \/>\nseguro para protestar nas ruas deve se engajar e ocupar todos os espa\u00e7os nas redes\u00a0sociais e aplicativos de mensagem com o #3JForaBolsonaro.<\/p>\n<p>O Brasil n\u00e3o aguentar\u00e1 o governo genocida, e agora investigado por corrup\u00e7\u00e3o, de Jair\u00a0Bolsonaro at\u00e9 2022. O impeachment \u00e9 urgente, tem de ser agora.<\/p>\n<p>J\u00e1 s\u00e3o mais de meio milh\u00e3o de vidas perdidas por Covid-19 no Brasil. O desemprego \u00e9\u00a0recorde: 14,8 milh\u00f5es de trabalhadores desocupados, al\u00e9m de 6 milh\u00f5es de\u00a0desalentados, aqueles que desistiram de procurar posto de trabalho. Milhares de\u00a0pequenas empresas e com\u00e9rcios fecharam as portas. A fome e a carestia empurram<br \/>\nmilh\u00f5es de brasileiros para a pobreza e extrema pobreza.<\/p>\n<p>\u00c0 crise sanit\u00e1ria e econ\u00f4mica provocada pelo desgoverno de Bolsonaro, somam-se\u00a0agora den\u00fancias de prevarica\u00e7\u00e3o e corrup\u00e7\u00e3o envolvendo contratos de compra de\u00a0vacina e o presidente.<\/p>\n<p>Por isso, as Centrais Sindicais convocam os trabalhadores a ir \u00e0s ruas exigir a abertura\u00a0do processo de impeachment contra Bolsonaro. Nossa pauta estar\u00e1 nas manifesta\u00e7\u00f5es.<\/p>\n<p>\u2713 Defesa do aux\u00edlio emergencial de R$ 600,00<br \/>\n\u2713 Contra a fome<br \/>\n\u2713 Contra a carestia<br \/>\n\u2713 Por vacina j\u00e1 para todos<br \/>\n\u2713 Contra a reforma administrativa (PEC 32\/2020)<br \/>\n\u2713 Contra as privatiza\u00e7\u00f5es<\/p>\n<p>S\u00e3o Paulo, 2 de julho de 2021&#8221;<\/p>\n","protected":false},"excerpt":{"rendered":"<p>Nove centrais sindicais, representantes de trabalhadores da iniciativa privada e do setor p\u00fablico, convocam para as manifesta\u00e7\u00f5es &#8220;pelo Fora Bolsonaro&#8221;. Mas tamb\u00e9m est\u00e3o na pauta: defesa do aux\u00edlio emergencial de R$ 600,00; contra a fome,\u00a0a carestia,\u00a0a reforma administrativa (PEC 32\/2020), privatiza\u00e7\u00f5es e por vacina j\u00e1 para todos Foto: Partido dos Trabalhadores &#8220;J\u00e1 s\u00e3o mais de meio milh\u00e3o de vidas perdidas [&hellip;]<\/p>\n","protected":false},"author":27,"featured_media":0,"comment_status":"open","ping_status":"closed","sticky":false,"template":"","format":"standard","meta":{"footnotes":""},"categories":[2719],"tags":[17262,19055,1101,4274,19056,9673,18170,1344,15938,58,1489,19,6104],"class_list":["post-19986","post","type-post","status-publish","format-standard","hentry","category-servidor","tag-auxilio-emergencial","tag-carestia","tag-centrais-sindicais","tag-fome","tag-fora-bolsonaro","tag-iniciativa-privada","tag-pec-32-2020","tag-privatizacoes","tag-reforma-administrativa","tag-servidores","tag-setor-publico","tag-trabalhadores","tag-vacina"],"_links":{"self":[{"href":"https:\/\/blogs.correiobraziliense.com.br\/servidor\/wp-json\/wp\/v2\/posts\/19986","targetHints":{"allow":["GET"]}}],"collection":[{"href":"https:\/\/blogs.correiobraziliense.com.br\/servidor\/wp-json\/wp\/v2\/posts"}],"about":[{"href":"https:\/\/blogs.correiobraziliense.com.br\/servidor\/wp-json\/wp\/v2\/types\/post"}],"author":[{"embeddable":true,"href":"https:\/\/blogs.correiobraziliense.com.br\/servidor\/wp-json\/wp\/v2\/users\/27"}],"replies":[{"embeddable":true,"href":"https:\/\/blogs.correiobraziliense.com.br\/servidor\/wp-json\/wp\/v2\/comments?post=19986"}],"version-history":[{"count":1,"href":"https:\/\/blogs.correiobraziliense.com.br\/servidor\/wp-json\/wp\/v2\/posts\/19986\/revisions"}],"predecessor-version":[{"id":19988,"href":"https:\/\/blogs.correiobraziliense.com.br\/servidor\/wp-json\/wp\/v2\/posts\/19986\/revisions\/19988"}],"wp:attachment":[{"href":"https:\/\/blogs.correiobraziliense.com.br\/servidor\/wp-json\/wp\/v2\/media?parent=19986"}],"wp:term":[{"taxonomy":"category","embeddable":true,"href":"https:\/\/blogs.correiobraziliense.com.br\/servidor\/wp-json\/wp\/v2\/categories?post=19986"},{"taxonomy":"post_tag","embeddable":true,"href":"https:\/\/blogs.correiobraziliense.com.br\/servidor\/wp-json\/wp\/v2\/tags?post=19986"}],"curies":[{"name":"wp","href":"https:\/\/api.w.org\/{rel}","templated":true}]}}