{"id":19971,"date":"2021-07-01T17:31:54","date_gmt":"2021-07-01T20:31:54","guid":{"rendered":"https:\/\/blogs.correiobraziliense.com.br\/servidor\/?p=19971"},"modified":"2021-07-01T17:33:58","modified_gmt":"2021-07-01T20:33:58","slug":"secretario-vai-ao-encontro-de-bolsonaro-e-falta-a-evento-da-cbic-sobre-reforma-administrativa","status":"publish","type":"post","link":"https:\/\/blogs.correiobraziliense.com.br\/servidor\/secretario-vai-ao-encontro-de-bolsonaro-e-falta-a-evento-da-cbic-sobre-reforma-administrativa\/","title":{"rendered":"Secret\u00e1rio vai ao encontro de Bolsonaro e falta a evento da CBIC sobre reforma administrativa"},"content":{"rendered":"<p><em><strong>Estava marcado para as 17 horas a presen\u00e7a do Secret\u00e1rio Especial de Desburocratiza\u00e7\u00e3o, Gest\u00e3o e Governo Digital do Minist\u00e9rio da Economia, Caio M\u00e1rio Paes de Andrade, para conversar sobre reforma administrativa<\/strong><\/em><\/p>\n<p><img loading=\"lazy\" decoding=\"async\" class=\"alignright size-full wp-image-19972\" src=\"https:\/\/blogs.correiobraziliense.com.br\/servidor\/wp-content\/uploads\/sites\/10\/2021\/07\/CAIO-MARIO-PAES-DE-ANDRADE.jpg\" alt=\"\" width=\"299\" height=\"169\" \/><\/p>\n<p>Minutos ap\u00f3s a hora agendada, constrangido, o presidente da C\u00e2mara Brasileira da Constru\u00e7\u00e3o Civil (CBIC), Jos\u00e9 Carlos Martins, lamentou o adiamento inesperado e explicou que o secret\u00e1rio estaria, no momento, &#8220;conversando com o presidente da Rep\u00fablica, Jair Bolsonaro, exatamente sobre o assunto&#8221;. O debate teria tamb\u00e9m a participa\u00e7\u00e3o de\u00a0Alex Dias Carvalho e Marco Antonio Corsini, vice-presidentes da entidade da Regi\u00e3o Norte e Regi\u00e3o Sul, respectivamente.<\/p>\n","protected":false},"excerpt":{"rendered":"<p>Estava marcado para as 17 horas a presen\u00e7a do Secret\u00e1rio Especial de Desburocratiza\u00e7\u00e3o, Gest\u00e3o e Governo Digital do Minist\u00e9rio da Economia, Caio M\u00e1rio Paes de Andrade, para conversar sobre reforma administrativa Minutos ap\u00f3s a hora agendada, constrangido, o presidente da C\u00e2mara Brasileira da Constru\u00e7\u00e3o Civil (CBIC), Jos\u00e9 Carlos Martins, lamentou o adiamento inesperado e explicou que o secret\u00e1rio estaria, no [&hellip;]<\/p>\n","protected":false},"author":27,"featured_media":0,"comment_status":"open","ping_status":"closed","sticky":false,"template":"","format":"standard","meta":{"footnotes":""},"categories":[2719],"tags":[],"class_list":["post-19971","post","type-post","status-publish","format-standard","hentry","category-servidor"],"_links":{"self":[{"href":"https:\/\/blogs.correiobraziliense.com.br\/servidor\/wp-json\/wp\/v2\/posts\/19971","targetHints":{"allow":["GET"]}}],"collection":[{"href":"https:\/\/blogs.correiobraziliense.com.br\/servidor\/wp-json\/wp\/v2\/posts"}],"about":[{"href":"https:\/\/blogs.correiobraziliense.com.br\/servidor\/wp-json\/wp\/v2\/types\/post"}],"author":[{"embeddable":true,"href":"https:\/\/blogs.correiobraziliense.com.br\/servidor\/wp-json\/wp\/v2\/users\/27"}],"replies":[{"embeddable":true,"href":"https:\/\/blogs.correiobraziliense.com.br\/servidor\/wp-json\/wp\/v2\/comments?post=19971"}],"version-history":[{"count":2,"href":"https:\/\/blogs.correiobraziliense.com.br\/servidor\/wp-json\/wp\/v2\/posts\/19971\/revisions"}],"predecessor-version":[{"id":19974,"href":"https:\/\/blogs.correiobraziliense.com.br\/servidor\/wp-json\/wp\/v2\/posts\/19971\/revisions\/19974"}],"wp:attachment":[{"href":"https:\/\/blogs.correiobraziliense.com.br\/servidor\/wp-json\/wp\/v2\/media?parent=19971"}],"wp:term":[{"taxonomy":"category","embeddable":true,"href":"https:\/\/blogs.correiobraziliense.com.br\/servidor\/wp-json\/wp\/v2\/categories?post=19971"},{"taxonomy":"post_tag","embeddable":true,"href":"https:\/\/blogs.correiobraziliense.com.br\/servidor\/wp-json\/wp\/v2\/tags?post=19971"}],"curies":[{"name":"wp","href":"https:\/\/api.w.org\/{rel}","templated":true}]}}