{"id":19969,"date":"2021-07-01T17:03:32","date_gmt":"2021-07-01T20:03:32","guid":{"rendered":"https:\/\/blogs.correiobraziliense.com.br\/servidor\/?p=19969"},"modified":"2021-07-01T17:03:32","modified_gmt":"2021-07-01T20:03:32","slug":"congresso-exibe-hoje-frase-em-apoio-a-licenca-compulsoria-de-vacinas-contra-covid-19","status":"publish","type":"post","link":"https:\/\/blogs.correiobraziliense.com.br\/servidor\/congresso-exibe-hoje-frase-em-apoio-a-licenca-compulsoria-de-vacinas-contra-covid-19\/","title":{"rendered":"Congresso exibe hoje frase em apoio  \u00e0 licen\u00e7a compuls\u00f3ria de vacinas contra covid-19"},"content":{"rendered":"<p><em><strong>O Congresso Nacional exibir\u00e1 hoje, entre \u00a018h30 e 20h, a frase &#8220;Vacina \u2013 A vida pede licen\u00e7a&#8221;. A campanha &#8220;A vida pede licen\u00e7a&#8221; faz refer\u00eancia aos projetos de lei que determinam licen\u00e7a compuls\u00f3ria para\u00a0 produ\u00e7\u00e3o\u00a0 e\u00a0 venda de vacinas contra a covid-19<\/strong><\/em><u><\/u><\/p>\n<p><img loading=\"lazy\" decoding=\"async\" class=\"alignright size-full wp-image-19497\" src=\"https:\/\/blogs.correiobraziliense.com.br\/servidor\/wp-content\/uploads\/sites\/10\/2021\/05\/TRABALHADORES-DE-SA\u00daDE.jpg\" alt=\"\" width=\"792\" height=\"432\" srcset=\"https:\/\/blogs.correiobraziliense.com.br\/servidor\/wp-content\/uploads\/sites\/10\/2021\/05\/TRABALHADORES-DE-SA\u00daDE.jpg 792w, https:\/\/blogs.correiobraziliense.com.br\/servidor\/wp-content\/uploads\/sites\/10\/2021\/05\/TRABALHADORES-DE-SA\u00daDE-300x164.jpg 300w, https:\/\/blogs.correiobraziliense.com.br\/servidor\/wp-content\/uploads\/sites\/10\/2021\/05\/TRABALHADORES-DE-SA\u00daDE-768x419.jpg 768w, https:\/\/blogs.correiobraziliense.com.br\/servidor\/wp-content\/uploads\/sites\/10\/2021\/05\/TRABALHADORES-DE-SA\u00daDE-550x300.jpg 550w, https:\/\/blogs.correiobraziliense.com.br\/servidor\/wp-content\/uploads\/sites\/10\/2021\/05\/TRABALHADORES-DE-SA\u00daDE-230x125.jpg 230w\" sizes=\"auto, (max-width: 792px) 100vw, 792px\" \/><\/p>\n<p>Um deles \u00e9 o\u00a0<a href=\"https:\/\/www.camara.leg.br\/noticias\/776377-proposta-preve-licenca-compulsoria-de-patentes-de-vacina-na-pandemia\/\" target=\"_blank\" rel=\"noopener\">PL 12\/21<\/a>, j\u00e1 aprovado pelo Senado, que prev\u00ea a possibilidade de licenciamento compuls\u00f3rio de produtos necess\u00e1rios ao combate da pandemia causada pelo novo coronav\u00edrus. O texto est\u00e1 em an\u00e1lise na C\u00e2mara dos Deputados.<u><\/u><u><\/u><\/p>\n<p>A proposta altera a\u00a0<a href=\"https:\/\/www2.camara.leg.br\/legin\/fed\/lei\/1996\/lei-9279-14-maio-1996-374644-norma-pl.html\" target=\"_blank\" rel=\"noopener\">Lei de Patentes<\/a>, que regula direitos e obriga\u00e7\u00f5es relativos \u00e0 propriedade industrial, e autoriza o governo federal a decretar licen\u00e7a compuls\u00f3ria visando a explora\u00e7\u00e3o de produtos ou processos necess\u00e1rios ao enfrentamento de emerg\u00eancias de sa\u00fade p\u00fablica.<u><\/u><u><\/u><\/p>\n<p>Pre\u00e7os<\/p>\n<p>O senador Nelsinho Trad (PSD-MS), relator do projeto de autoria do senador Paulo Paim (PT-RS) que muda a Lei de Propriedade Industrial (Lei 9.279, de 1996), afirmou que a licen\u00e7a compuls\u00f3ria de medicamentos e vacinas diminui pre\u00e7os e viabiliza a produ\u00e7\u00e3o. O PL 12\/2021 foi aprovado pelo Senado e enviado \u00e0 C\u00e2mara. O relator do texto na C\u00e2mara, deputado A\u00e9cio Neves (PSDB-MG), disse que seu substitutivo ao projeto e aos 14 apensados garantir\u00e1 o ressarcimento \u00e0s empresas que det\u00eam as patentes por meio de negocia\u00e7\u00e3o com os titulares para a produ\u00e7\u00e3o por tempo determinado.<\/p>\n<p>&nbsp;<\/p>\n<p><u><\/u><\/p>\n","protected":false},"excerpt":{"rendered":"<p>O Congresso Nacional exibir\u00e1 hoje, entre \u00a018h30 e 20h, a frase &#8220;Vacina \u2013 A vida pede licen\u00e7a&#8221;. A campanha &#8220;A vida pede licen\u00e7a&#8221; faz refer\u00eancia aos projetos de lei que determinam licen\u00e7a compuls\u00f3ria para\u00a0 produ\u00e7\u00e3o\u00a0 e\u00a0 venda de vacinas contra a covid-19 Um deles \u00e9 o\u00a0PL 12\/21, j\u00e1 aprovado pelo Senado, que prev\u00ea a possibilidade de licenciamento compuls\u00f3rio de produtos [&hellip;]<\/p>\n","protected":false},"author":27,"featured_media":0,"comment_status":"open","ping_status":"closed","sticky":false,"template":"","format":"standard","meta":{"footnotes":""},"categories":[2719],"tags":[100,17256,19051,6272,19052,2372,1300,6104,149],"class_list":["post-19969","post","type-post","status-publish","format-standard","hentry","category-servidor","tag-congresso","tag-covid-19","tag-licenca-compulsoria","tag-patentes","tag-pl-12-21","tag-producao","tag-projetos","tag-vacina","tag-venda"],"_links":{"self":[{"href":"https:\/\/blogs.correiobraziliense.com.br\/servidor\/wp-json\/wp\/v2\/posts\/19969","targetHints":{"allow":["GET"]}}],"collection":[{"href":"https:\/\/blogs.correiobraziliense.com.br\/servidor\/wp-json\/wp\/v2\/posts"}],"about":[{"href":"https:\/\/blogs.correiobraziliense.com.br\/servidor\/wp-json\/wp\/v2\/types\/post"}],"author":[{"embeddable":true,"href":"https:\/\/blogs.correiobraziliense.com.br\/servidor\/wp-json\/wp\/v2\/users\/27"}],"replies":[{"embeddable":true,"href":"https:\/\/blogs.correiobraziliense.com.br\/servidor\/wp-json\/wp\/v2\/comments?post=19969"}],"version-history":[{"count":1,"href":"https:\/\/blogs.correiobraziliense.com.br\/servidor\/wp-json\/wp\/v2\/posts\/19969\/revisions"}],"predecessor-version":[{"id":19970,"href":"https:\/\/blogs.correiobraziliense.com.br\/servidor\/wp-json\/wp\/v2\/posts\/19969\/revisions\/19970"}],"wp:attachment":[{"href":"https:\/\/blogs.correiobraziliense.com.br\/servidor\/wp-json\/wp\/v2\/media?parent=19969"}],"wp:term":[{"taxonomy":"category","embeddable":true,"href":"https:\/\/blogs.correiobraziliense.com.br\/servidor\/wp-json\/wp\/v2\/categories?post=19969"},{"taxonomy":"post_tag","embeddable":true,"href":"https:\/\/blogs.correiobraziliense.com.br\/servidor\/wp-json\/wp\/v2\/tags?post=19969"}],"curies":[{"name":"wp","href":"https:\/\/api.w.org\/{rel}","templated":true}]}}