{"id":19939,"date":"2021-06-29T20:38:16","date_gmt":"2021-06-29T23:38:16","guid":{"rendered":"https:\/\/blogs.correiobraziliense.com.br\/servidor\/?p=19939"},"modified":"2021-06-29T21:31:53","modified_gmt":"2021-06-30T00:31:53","slug":"bolsonaro-planeja-aumento-de-5-para-servidores-em-2022-mas-perdas-salariais-ultrapassam-48","status":"publish","type":"post","link":"https:\/\/blogs.correiobraziliense.com.br\/servidor\/bolsonaro-planeja-aumento-de-5-para-servidores-em-2022-mas-perdas-salariais-ultrapassam-48\/","title":{"rendered":"Bolsonaro planeja aumento de 5% para servidores em 2022, mas perdas salariais ultrapassam 48%"},"content":{"rendered":"<p><em><strong>Fonasefe volta a protocolar reivindica\u00e7\u00f5es dos federais no Minist\u00e9rio da Economia. Desde mar\u00e7o, quando pauta nacional da categoria foi entregue, o governo n\u00e3o deu retorno. Enquanto isso, aponta o Fonasefe, a infla\u00e7\u00e3o corr\u00f3i remunera\u00e7\u00f5es congeladas<\/strong><\/em><\/p>\n<p><img loading=\"lazy\" decoding=\"async\" class=\"alignright size-full wp-image-19940\" src=\"https:\/\/blogs.correiobraziliense.com.br\/servidor\/wp-content\/uploads\/sites\/10\/2021\/06\/PAUTA-SERVIDORES.jpg\" alt=\"\" width=\"589\" height=\"813\" srcset=\"https:\/\/blogs.correiobraziliense.com.br\/servidor\/wp-content\/uploads\/sites\/10\/2021\/06\/PAUTA-SERVIDORES.jpg 589w, https:\/\/blogs.correiobraziliense.com.br\/servidor\/wp-content\/uploads\/sites\/10\/2021\/06\/PAUTA-SERVIDORES-217x300.jpg 217w, https:\/\/blogs.correiobraziliense.com.br\/servidor\/wp-content\/uploads\/sites\/10\/2021\/06\/PAUTA-SERVIDORES-550x759.jpg 550w, https:\/\/blogs.correiobraziliense.com.br\/servidor\/wp-content\/uploads\/sites\/10\/2021\/06\/PAUTA-SERVIDORES-230x317.jpg 230w\" sizes=\"auto, (max-width: 589px) 100vw, 589px\" \/><\/p>\n<p>A Condsef\/Fenadsef esteve no Minist\u00e9rio da Economia ne segunda-feira (28), com outras entidades que comp\u00f5em o Fonasefe, f\u00f3rum que representa servidores do Executivo. O objetivo foi protocolar novamente a pauta nacional de reivindica\u00e7\u00f5es que unificam mais de 1,2 milh\u00e3o funcion\u00e1rios ativos, aposentados e pensionistas. O Fonasefe solicitou tamb\u00e9m a abertura imediata de negocia\u00e7\u00f5es e agendamento de uma audi\u00eancia para tratar os pontos que est\u00e3o sem resposta h\u00e1 pelo menos tr\u00eas meses,\u00a0<a href=\"https:\/\/admin.cut.org.br\/system\/uploads\/ck\/Oficio%20Fonasefe-ME%20-%20Pauta%202021%20%283%29.pdf\">quando foram apresentados ao governo em mar\u00e7o desse ano<\/a>.<\/p>\n<p>O governo Bolsonaro, lembra o Fonasefe, vem dando sinais de que pode reajustar sal\u00e1rios dos servidores em 2022. Ao que tudo indica, a proposta seria de apenas 5%. Com sal\u00e1rios congelados desde 2017, cerca de 90% dos servidores federais acumula perdas que ultrapassam 48%. Esse c\u00e1lculo considera a defasagem salarial de julho de 2010 a dezembro de 2021, a partir do IPCA, para categorias que tiveram reajuste de 5% entre 2013 e 2015 e que firmaram acordos de reposi\u00e7\u00e3o em duas parcelas (5,5% em agosto de 2016 e 5% em janeiro de 2017).<\/p>\n<p>Para algumas categorias que tiveram reajuste de 5% entre 2013 e 2015 e que assinaram acordos de reposi\u00e7\u00e3o em quatro parcelas (5,5% em agosto de 2016, 6,98% em janeiro de 2017, 6,64% em janeiro de 2018 e 6,31% em janeiro de 2019), a reposi\u00e7\u00e3o equivalente a defasagem salarial de julho de 2010 a dezembro de 2021, considerando IPCA, seria de 28,2%.<\/p>\n<h3><strong>Eleitoreiro<\/strong><\/h3>\n<p>Amargando anos de congelamento completo n\u00e3o apenas de sal\u00e1rios, mas tamb\u00e9m em benef\u00edcios como vale alimenta\u00e7\u00e3o e planos de sa\u00fade, o secret\u00e1rio-geral da Condsef\/Fenadsef, S\u00e9rgio Ronaldo da Silva,\u00a0<a href=\"https:\/\/www.condsef.org.br\/noticias\/pressao-movimento-sindical-faz-governo-acenar-com-reajuste-os-servidores\">alerta para o car\u00e1ter eleitoreiro da inten\u00e7\u00e3o de reajustar em 5% os sal\u00e1rios da categoria<\/a>. Vai at\u00e9 dezembro deste ano o congelamento imposto aos servidores devido a situa\u00e7\u00e3o de calamidade p\u00fablica pela pandemia enviada pelo governo e aprovada pelo Congresso Nacional. N\u00e3o escaparam do congelamento salarial nem os servidores que est\u00e3o atuando na linha de frente do combate \u00e0 Covid-19 desde o in\u00edcio da crise sanit\u00e1ria que ainda n\u00e3o deu sinal de tr\u00e9guas no Brasil.<\/p>\n<p>A proposta de 5% est\u00e1 longe de resolver a situa\u00e7\u00e3o dos servidores, tampouco a dos servi\u00e7os p\u00fablicos amea\u00e7ados pela reforma administrativa. A PEC 32\/20, que est\u00e1 na Comiss\u00e3o Especial da C\u00e2mara dos Deputados, tem sido arduamente combatida por representar, na pr\u00e1tica, o fim de direitos essenciais garantidos a popula\u00e7\u00e3o brasileira pela Constitui\u00e7\u00e3o de 88.<\/p>\n<h3><strong>D\u00e1 como uma m\u00e3o e\u00a0tira\u00a0com duas<\/strong><\/h3>\n<p>Outro alerta sobre esses 5% de reajuste aos servidores em 2022 vem do Diap. O percentual pode representar, na verdade, perdas salariais ainda maiores. Isso porque a categoria deve se lembrar de altera\u00e7\u00f5es promovidas pela reforma da Previd\u00eancia que aumentaram a al\u00edquota previdenci\u00e1ria para servidores p\u00fablicos. S\u00f3 esse ano uma\u00a0<a href=\"https:\/\/www.gov.br\/economia\/pt-br\/assuntos\/noticias\/2021\/previdencia\/janeiro\/portaria-oficializa-reajuste-de-5-45-nos-valores-de-contribuicao-dos-servidores-da-uniao#:~:text=A%20Portaria%20SEPRT%2FME%20N%C2%BA,incluindo%20ativos%2C%20aposentados%20e%20pensionistas.\">Portaria oficializou reajuste de 5,45% nos valores das al\u00edquotas de contribui\u00e7\u00e3o<\/a>\u00a0dos servidores p\u00fablicos da Uni\u00e3o, incluindo ativos, aposentados e pensionistas.<\/p>\n<p>&#8220;Ora, s\u00f3 o reajuste dessas al\u00edquotas foi maior do que o aumento que o governo Bolsonaro diz pretender dar aos servidores&#8221;, aponta S\u00e9rgio Ronaldo. &#8220;A categoria deve ficar muito atenta, pois esse percentual de reajuste n\u00e3o passa de um canto da sereia e n\u00e3o deve, em hip\u00f3tese alguma, ser considerado pelo servidor como algum tipo de vantagem. O que precisamos \u00e9 de reposi\u00e7\u00e3o salarial digna, justa e investimentos adequados no setor p\u00fablico que garantam servi\u00e7os p\u00fablicos de qualidade ao povo brasileiro&#8221;, complementou.<\/p>\n<p>Por essas e outras raz\u00f5es, a Condsef\/Fenadsef e suas filiadas v\u00e3o integrar atividades em todo o Brasil convocadas pelo #ForaBolsonaro j\u00e1 confirmadas para os dia 3 e 24 de julho. Al\u00e9m disso, a Condsef tamb\u00e9m estar\u00e1 entre entidades apoiadores do pedido de impeachment de Bolsonaro que ser\u00e1 protocolado nessa quarta, 30 de junho, \u00e0s 14 horas na C\u00e2mara dos Deputados.<\/p>\n","protected":false},"excerpt":{"rendered":"<p>Fonasefe volta a protocolar reivindica\u00e7\u00f5es dos federais no Minist\u00e9rio da Economia. Desde mar\u00e7o, quando pauta nacional da categoria foi entregue, o governo n\u00e3o deu retorno. Enquanto isso, aponta o Fonasefe, a infla\u00e7\u00e3o corr\u00f3i remunera\u00e7\u00f5es congeladas A Condsef\/Fenadsef esteve no Minist\u00e9rio da Economia ne segunda-feira (28), com outras entidades que comp\u00f5em o Fonasefe, f\u00f3rum que representa servidores do Executivo. O objetivo [&hellip;]<\/p>\n","protected":false},"author":27,"featured_media":0,"comment_status":"open","ping_status":"closed","sticky":false,"template":"","format":"standard","meta":{"footnotes":""},"categories":[2719],"tags":[345,865,7421,911,17,346,668,1413,63,689,18,58],"class_list":["post-19939","post","type-post","status-publish","format-standard","hentry","category-servidor","tag-aposentados","tag-ativos","tag-fonasefe","tag-inflacionarias","tag-pauta","tag-pensionistas","tag-perdas","tag-poder-executivo","tag-reajuste","tag-reivindicacoes","tag-salarial","tag-servidores"],"_links":{"self":[{"href":"https:\/\/blogs.correiobraziliense.com.br\/servidor\/wp-json\/wp\/v2\/posts\/19939","targetHints":{"allow":["GET"]}}],"collection":[{"href":"https:\/\/blogs.correiobraziliense.com.br\/servidor\/wp-json\/wp\/v2\/posts"}],"about":[{"href":"https:\/\/blogs.correiobraziliense.com.br\/servidor\/wp-json\/wp\/v2\/types\/post"}],"author":[{"embeddable":true,"href":"https:\/\/blogs.correiobraziliense.com.br\/servidor\/wp-json\/wp\/v2\/users\/27"}],"replies":[{"embeddable":true,"href":"https:\/\/blogs.correiobraziliense.com.br\/servidor\/wp-json\/wp\/v2\/comments?post=19939"}],"version-history":[{"count":2,"href":"https:\/\/blogs.correiobraziliense.com.br\/servidor\/wp-json\/wp\/v2\/posts\/19939\/revisions"}],"predecessor-version":[{"id":19950,"href":"https:\/\/blogs.correiobraziliense.com.br\/servidor\/wp-json\/wp\/v2\/posts\/19939\/revisions\/19950"}],"wp:attachment":[{"href":"https:\/\/blogs.correiobraziliense.com.br\/servidor\/wp-json\/wp\/v2\/media?parent=19939"}],"wp:term":[{"taxonomy":"category","embeddable":true,"href":"https:\/\/blogs.correiobraziliense.com.br\/servidor\/wp-json\/wp\/v2\/categories?post=19939"},{"taxonomy":"post_tag","embeddable":true,"href":"https:\/\/blogs.correiobraziliense.com.br\/servidor\/wp-json\/wp\/v2\/tags?post=19939"}],"curies":[{"name":"wp","href":"https:\/\/api.w.org\/{rel}","templated":true}]}}