{"id":19919,"date":"2021-06-25T17:25:43","date_gmt":"2021-06-25T20:25:43","guid":{"rendered":"https:\/\/blogs.correiobraziliense.com.br\/servidor\/?p=19919"},"modified":"2021-06-25T17:28:11","modified_gmt":"2021-06-25T20:28:11","slug":"quem-vai-pagar-o-pato-da-reforma-administrativa-e-o-povo-pobre-que-coloca-a-mao-na-massa-diz-lula","status":"publish","type":"post","link":"https:\/\/blogs.correiobraziliense.com.br\/servidor\/quem-vai-pagar-o-pato-da-reforma-administrativa-e-o-povo-pobre-que-coloca-a-mao-na-massa-diz-lula\/","title":{"rendered":"&#8220;Quem vai pagar o pato da reforma administrativa \u00e9 o povo pobre que coloca a m\u00e3o na massa&#8221;, diz Lula"},"content":{"rendered":"<p><em><strong>O ex-presidente da Rep\u00fablica, Luiz In\u00e1cio Lula da Silva, em entrevista no &#8220;Programa Sexta-Feira, 13 h&#8221;, na TVPT, ao jornalista Paulo Moreira Leite, disse que o maior prejudicado com as altera\u00e7\u00f5es inseridas na PEC 32\/2020, que define as regras da reforma administrativa, \u00e9 o povo que &#8220;carrega o piano&#8221;<\/strong><\/em><\/p>\n<p><img loading=\"lazy\" decoding=\"async\" class=\"size-full wp-image-19921 aligncenter\" src=\"https:\/\/blogs.correiobraziliense.com.br\/servidor\/wp-content\/uploads\/sites\/10\/2021\/06\/LULA.jpg\" alt=\"\" width=\"720\" height=\"460\" srcset=\"https:\/\/blogs.correiobraziliense.com.br\/servidor\/wp-content\/uploads\/sites\/10\/2021\/06\/LULA.jpg 720w, https:\/\/blogs.correiobraziliense.com.br\/servidor\/wp-content\/uploads\/sites\/10\/2021\/06\/LULA-300x192.jpg 300w, https:\/\/blogs.correiobraziliense.com.br\/servidor\/wp-content\/uploads\/sites\/10\/2021\/06\/LULA-550x351.jpg 550w, https:\/\/blogs.correiobraziliense.com.br\/servidor\/wp-content\/uploads\/sites\/10\/2021\/06\/LULA-230x147.jpg 230w\" sizes=\"auto, (max-width: 720px) 100vw, 720px\" \/><\/p>\n<p><em>Foto:MST<\/em><\/p>\n<p>Lula foi claro ao analisar o texto que tramita desde o ano passado no Congresso Nacional, de autoria do Poder Executivo. &#8220;Quem vai pagar o pato da reforma administrativa \u00e9 o povo pobre que coloca a m\u00e3o na massa, \u00e9 o povo que carrega o piano&#8221;. E por isso, complementou, tem insistido para que a bancada do Partido dos Trabalhadores, &#8220;v\u00e1 para Bras\u00edlia e tenha uma a\u00e7\u00e3o presencial dentro da C\u00e2mara&#8221;.<\/p>\n<p>O pol\u00edtico, que retorna agora \u00e0 cena pol\u00edtica com possibilidades, segundo as pesquisas, de ganhar a elei\u00e7\u00e3o presidencial no primeiro turno, em 2022, em seu perfil nas redes sociais, se identifica como &#8220;filho de dona Lindu, nascido em Pernambuco, criado no Sindicato dos Metal\u00fargicos do ABC, presidente da Rep\u00fablica do Brasil de 2003 a 2010&#8243;.<\/p>\n<p>A declara\u00e7\u00e3o j\u00e1 est\u00e1 sendo divulgada em todos os sites de servidores p\u00fablicos, divulgado, principalmente, pelo F\u00f3rum Nacional das Carreiras de Estado (Fonacate&#8221;.<\/p>\n","protected":false},"excerpt":{"rendered":"<p>O ex-presidente da Rep\u00fablica, Luiz In\u00e1cio Lula da Silva, em entrevista no &#8220;Programa Sexta-Feira, 13 h&#8221;, na TVPT, ao jornalista Paulo Moreira Leite, disse que o maior prejudicado com as altera\u00e7\u00f5es inseridas na PEC 32\/2020, que define as regras da reforma administrativa, \u00e9 o povo que &#8220;carrega o piano&#8221; Foto:MST Lula foi claro ao analisar o texto que tramita desde [&hellip;]<\/p>\n","protected":false},"author":27,"featured_media":0,"comment_status":"open","ping_status":"closed","sticky":false,"template":"","format":"standard","meta":{"footnotes":""},"categories":[2719],"tags":[1361,5572,18170,7903,7783,81,3752,15938],"class_list":["post-19919","post","type-post","status-publish","format-standard","hentry","category-servidor","tag-lula","tag-partido-dos-trabalhadores","tag-pec-32-2020","tag-pobre","tag-povo","tag-presidente","tag-pt","tag-reforma-administrativa"],"_links":{"self":[{"href":"https:\/\/blogs.correiobraziliense.com.br\/servidor\/wp-json\/wp\/v2\/posts\/19919","targetHints":{"allow":["GET"]}}],"collection":[{"href":"https:\/\/blogs.correiobraziliense.com.br\/servidor\/wp-json\/wp\/v2\/posts"}],"about":[{"href":"https:\/\/blogs.correiobraziliense.com.br\/servidor\/wp-json\/wp\/v2\/types\/post"}],"author":[{"embeddable":true,"href":"https:\/\/blogs.correiobraziliense.com.br\/servidor\/wp-json\/wp\/v2\/users\/27"}],"replies":[{"embeddable":true,"href":"https:\/\/blogs.correiobraziliense.com.br\/servidor\/wp-json\/wp\/v2\/comments?post=19919"}],"version-history":[{"count":3,"href":"https:\/\/blogs.correiobraziliense.com.br\/servidor\/wp-json\/wp\/v2\/posts\/19919\/revisions"}],"predecessor-version":[{"id":19924,"href":"https:\/\/blogs.correiobraziliense.com.br\/servidor\/wp-json\/wp\/v2\/posts\/19919\/revisions\/19924"}],"wp:attachment":[{"href":"https:\/\/blogs.correiobraziliense.com.br\/servidor\/wp-json\/wp\/v2\/media?parent=19919"}],"wp:term":[{"taxonomy":"category","embeddable":true,"href":"https:\/\/blogs.correiobraziliense.com.br\/servidor\/wp-json\/wp\/v2\/categories?post=19919"},{"taxonomy":"post_tag","embeddable":true,"href":"https:\/\/blogs.correiobraziliense.com.br\/servidor\/wp-json\/wp\/v2\/tags?post=19919"}],"curies":[{"name":"wp","href":"https:\/\/api.w.org\/{rel}","templated":true}]}}