{"id":19899,"date":"2021-06-24T17:24:19","date_gmt":"2021-06-24T20:24:19","guid":{"rendered":"https:\/\/blogs.correiobraziliense.com.br\/servidor\/?p=19899"},"modified":"2021-06-24T17:24:19","modified_gmt":"2021-06-24T20:24:19","slug":"treze-deputados-e-dois-senadores-acionam-stf-para-apreensao-e-retencao-do-passaporte-do-ex-ministro-ricardo-salles","status":"publish","type":"post","link":"https:\/\/blogs.correiobraziliense.com.br\/servidor\/treze-deputados-e-dois-senadores-acionam-stf-para-apreensao-e-retencao-do-passaporte-do-ex-ministro-ricardo-salles\/","title":{"rendered":"Treze deputados e dois senadores acionam STF para apreens\u00e3o e reten\u00e7\u00e3o do passaporte do ex-ministro Ricardo Salles"},"content":{"rendered":"<p><em><strong>A peti\u00e7\u00e3o foi protocolada na tarde de hoje. Os parlamentares querem garantias de que ser\u00e3o feitas investiga\u00e7\u00f5es contra o ex-ministro Ricardo Salles, pelas declara\u00e7\u00f5es na reuni\u00e3o ministerial do dia 22 de abril de 2020, quando ele sugere aproveitar que as aten\u00e7\u00f5es estavam voltadas para a pandemia para \u201cpassar a boiada\u201d na pol\u00edtica ambiental brasileira<\/strong><\/em><\/p>\n<p><img loading=\"lazy\" decoding=\"async\" class=\"alignright size-full wp-image-19664\" src=\"https:\/\/blogs.correiobraziliense.com.br\/servidor\/wp-content\/uploads\/sites\/10\/2021\/05\/RICARDO-SALLES-MME.jpg\" alt=\"\" width=\"675\" height=\"449\" srcset=\"https:\/\/blogs.correiobraziliense.com.br\/servidor\/wp-content\/uploads\/sites\/10\/2021\/05\/RICARDO-SALLES-MME.jpg 675w, https:\/\/blogs.correiobraziliense.com.br\/servidor\/wp-content\/uploads\/sites\/10\/2021\/05\/RICARDO-SALLES-MME-300x200.jpg 300w, https:\/\/blogs.correiobraziliense.com.br\/servidor\/wp-content\/uploads\/sites\/10\/2021\/05\/RICARDO-SALLES-MME-550x366.jpg 550w, https:\/\/blogs.correiobraziliense.com.br\/servidor\/wp-content\/uploads\/sites\/10\/2021\/05\/RICARDO-SALLES-MME-230x153.jpg 230w\" sizes=\"auto, (max-width: 675px) 100vw, 675px\" \/><\/p>\n<p>Treze deputados federais e dois senadores acionaram o Supremo Tribunal Federal (STF), por meio de uma peti\u00e7\u00e3o ao ministro Alexandre de Morais, pedindo a apreens\u00e3o e reten\u00e7\u00e3o do passaporte do ex-ministro do Meio Ambiente Ricardo Salles, que pediu demiss\u00e3o do cargo ontem. Assinam o documento os deputados Joenia Wapichana (REDE-RR), Pira do Pindar\u00e9 (PSB-MA), Alessandro Molon (PSB-RJ), Tal\u00edria Petrone (Psol- RJ), Elias Vaz (PSB-GO), Renildo Calheiro (PCdoB \u2013 PE), Jandira Feghali (PCdoB \u2013 RJ), Alice Portugal (PCdoB-BA), Rodrigo Agostinho (PSB-SP), Tabata Amaral (PDT-SP), Wolney Queiroz (PDT-PE), Bohn Gass (PT- RS), Camilo Capiberibe (PSB-AP) e os senadores da Rede Sustentabilidade, Fabiano Contarato e Randolfe Rodrigues.<\/p>\n<p>No pedido, os parlamentares solicitam a reten\u00e7\u00e3o para garantir que sejam resguardadas e levadas a efeito as dilig\u00eancias indispens\u00e1veis ao Inqu\u00e9rito aberto na Peti\u00e7\u00e3o 8.975\/DF, dos senadores, Randolfe e Contarato, dos deputados Joenia Wapichana e Alessandro Molon contra Ricardo Salles por ocasi\u00e3o do v\u00eddeo gravado na reuni\u00e3o ministerial no dia 22 de abril de 2020. No v\u00eddeo, o ex-ministro sugere aproveitar que as aten\u00e7\u00f5es estavam voltadas para a pandemia para \u201cpassar a boiada\u201d na pol\u00edtica ambiental brasileira.<\/p>\n<p>O Inqu\u00e9rito foi aberto a pedido do ministro Celso de Mello que, em outubro de 2020, a pedido da Procuradoria Geral da Rep\u00fablica, arquivou o caso. No entanto, o inqu\u00e9rito foi reaberto recentemente devido a novos fatos ligados \u00e0 explora\u00e7\u00e3o e \u00e0 exporta\u00e7\u00e3o ilegal de madeira em que o ex-ministro Salles se envolveu pessoal e institucionalmente. A pr\u00f3pria Pol\u00edcia Federal apresentou o pedido solicitando o desarquivamento e medidas cab\u00edveis para a continuidade da investiga\u00e7\u00e3o.<\/p>\n<p>\u201cCom as in\u00fameras informa\u00e7\u00f5es novas apresentadas pela Pol\u00edcia Federal, tornava-se indubit\u00e1vel, uma vez mais, que a conduta do Sr. Ricardo Salles \u00e9\/era\/sempre foi claramente incompat\u00edvel com o cargo de Ministro de Estado do Meio Ambiente, agente p\u00fablico e pol\u00edtico que deveria se preocupar particularmente com o respeito \u00e0s normas legais e constitucionais, e n\u00e3o incorrer em viola\u00e7\u00f5es diretas ao C\u00f3digo Penal (advocacia administrativa e outros tipos) e \u00e0 Lei de Crime de Responsabilidade\u201d, refor\u00e7am os parlamentares na peti\u00e7\u00e3o.<\/p>\n<p>Diante da gravidade e propor\u00e7\u00e3o dos fatos e suas consequ\u00eancias, inclusive as quais levaram o ex-ministro a pedir demiss\u00e3o, os parlamentares entendem como necessidade a decreta\u00e7\u00e3o da apreens\u00e3o e posterior reten\u00e7\u00e3o do passaporte do ex-ministro Ricardo Salles para que o mesmo responda, em territ\u00f3rio nacional, ao inqu\u00e9rito que apura as grav\u00edssimas ilegalidades do seu comportamento enquanto ainda Ministro de Estado do Meio Ambiente.<\/p>\n<p>&nbsp;<\/p>\n","protected":false},"excerpt":{"rendered":"<p>A peti\u00e7\u00e3o foi protocolada na tarde de hoje. Os parlamentares querem garantias de que ser\u00e3o feitas investiga\u00e7\u00f5es contra o ex-ministro Ricardo Salles, pelas declara\u00e7\u00f5es na reuni\u00e3o ministerial do dia 22 de abril de 2020, quando ele sugere aproveitar que as aten\u00e7\u00f5es estavam voltadas para a pandemia para \u201cpassar a boiada\u201d na pol\u00edtica ambiental brasileira Treze deputados federais e dois senadores [&hellip;]<\/p>\n","protected":false},"author":27,"featured_media":0,"comment_status":"open","ping_status":"closed","sticky":false,"template":"","format":"standard","meta":{"footnotes":""},"categories":[2719],"tags":[19023,1218,804,3705,5389,17465,17255,268,313,2724,104,19024,15278,34],"class_list":["post-19899","post","type-post","status-publish","format-standard","hentry","category-servidor","tag-boiada","tag-declaracoes","tag-documento","tag-exploracao","tag-exportacao","tag-madeira","tag-pandemia","tag-parlamentares","tag-passaporte","tag-peticao","tag-policia-federal","tag-politica-ambiental","tag-ricardo-salles","tag-stf"],"_links":{"self":[{"href":"https:\/\/blogs.correiobraziliense.com.br\/servidor\/wp-json\/wp\/v2\/posts\/19899","targetHints":{"allow":["GET"]}}],"collection":[{"href":"https:\/\/blogs.correiobraziliense.com.br\/servidor\/wp-json\/wp\/v2\/posts"}],"about":[{"href":"https:\/\/blogs.correiobraziliense.com.br\/servidor\/wp-json\/wp\/v2\/types\/post"}],"author":[{"embeddable":true,"href":"https:\/\/blogs.correiobraziliense.com.br\/servidor\/wp-json\/wp\/v2\/users\/27"}],"replies":[{"embeddable":true,"href":"https:\/\/blogs.correiobraziliense.com.br\/servidor\/wp-json\/wp\/v2\/comments?post=19899"}],"version-history":[{"count":1,"href":"https:\/\/blogs.correiobraziliense.com.br\/servidor\/wp-json\/wp\/v2\/posts\/19899\/revisions"}],"predecessor-version":[{"id":19900,"href":"https:\/\/blogs.correiobraziliense.com.br\/servidor\/wp-json\/wp\/v2\/posts\/19899\/revisions\/19900"}],"wp:attachment":[{"href":"https:\/\/blogs.correiobraziliense.com.br\/servidor\/wp-json\/wp\/v2\/media?parent=19899"}],"wp:term":[{"taxonomy":"category","embeddable":true,"href":"https:\/\/blogs.correiobraziliense.com.br\/servidor\/wp-json\/wp\/v2\/categories?post=19899"},{"taxonomy":"post_tag","embeddable":true,"href":"https:\/\/blogs.correiobraziliense.com.br\/servidor\/wp-json\/wp\/v2\/tags?post=19899"}],"curies":[{"name":"wp","href":"https:\/\/api.w.org\/{rel}","templated":true}]}}