{"id":19883,"date":"2021-06-23T21:26:08","date_gmt":"2021-06-24T00:26:08","guid":{"rendered":"https:\/\/blogs.correiobraziliense.com.br\/servidor\/?p=19883"},"modified":"2021-06-23T21:26:08","modified_gmt":"2021-06-24T00:26:08","slug":"parcialidade-de-sergio-moro-caca-as-bruxas-como-moro-passou-de-heroi-a-condenado","status":"publish","type":"post","link":"https:\/\/blogs.correiobraziliense.com.br\/servidor\/parcialidade-de-sergio-moro-caca-as-bruxas-como-moro-passou-de-heroi-a-condenado\/","title":{"rendered":"[Parcialidade de Sergio Moro] Ca\u00e7a \u00e0s Bruxas: Como Moro passou de her\u00f3i a condenado"},"content":{"rendered":"<p><em><strong>Livro organizado pelo Grupo Prerrogativas tra\u00e7a cronologia das interfer\u00eancias do ex-juiz a fim de gerar senten\u00e7as de seu interesse.\u00a0Mensagens trocadas entre procuradores revelam trechos como \u201cprecisamos atingir Lula na cabe\u00e7a\u201d. Frases assim demonstram o clima de tempestade perfeita que viria a atingir n\u00e3o apenas um r\u00e9u, mas a credibilidade de toda a justi\u00e7a brasileira, acreditam os organizadores da obra.<\/strong><\/em><\/p>\n<p><img loading=\"lazy\" decoding=\"async\" class=\"alignright size-full wp-image-19884\" src=\"https:\/\/blogs.correiobraziliense.com.br\/servidor\/wp-content\/uploads\/sites\/10\/2021\/06\/O-LIVRO-DAS-PARCIALIDADES.jpg\" alt=\"\" width=\"300\" height=\"429\" srcset=\"https:\/\/blogs.correiobraziliense.com.br\/servidor\/wp-content\/uploads\/sites\/10\/2021\/06\/O-LIVRO-DAS-PARCIALIDADES.jpg 300w, https:\/\/blogs.correiobraziliense.com.br\/servidor\/wp-content\/uploads\/sites\/10\/2021\/06\/O-LIVRO-DAS-PARCIALIDADES-210x300.jpg 210w, https:\/\/blogs.correiobraziliense.com.br\/servidor\/wp-content\/uploads\/sites\/10\/2021\/06\/O-LIVRO-DAS-PARCIALIDADES-230x329.jpg 230w\" sizes=\"auto, (max-width: 300px) 100vw, 300px\" \/><\/p>\n<p>O julgamento do ex-juiz federal e ex-ministro Sergio Moro como parcial no julgamento de Lula. Esse \u00e9 o mote do livro que est\u00e1 sendo lan\u00e7ado. O ingrediente pol\u00edtico existente em diversos momentos e o \u201cdedo\u201d de Moro sempre presente para fornecer narrativas cr\u00edveis ao Minist\u00e9rio P\u00fablico que pudessem incriminar foram o tiro que saiu pela culatra, dizem os autores.<\/p>\n<p>Antes tido como her\u00f3i nacional, Moro amarga a finaliza\u00e7\u00e3o de seu julgamento para dar novos rumos \u00e0 sua \u2013 agora manchada \u2013 carreira, refor\u00e7am. Todo o percurso que narra esse caso que abalou o judici\u00e1rio brasileiro ganhou um novo cap\u00edtulo: O segundo livro da trilogia criada pelo Grupo Prerrogativas (PRERR\u00d4), chamado \u201cO Livro Das Parcialidades\u201d.<\/p>\n<p>Lan\u00e7ado pela Editora Telha, a obra traz textos que trazem detalhes sobre o que eles, desde 2013, j\u00e1 sabiam: Moro tinha claros interesses pol\u00edticos por tr\u00e1s de suas atitudes enquanto juiz da Rep\u00fablica. Nunca se viu tantos acordos e ilicitudes envolvendo acusa\u00e7\u00e3o e juiz de causas de um determinado r\u00e9u, escolhido para ser condenado.<\/p>\n<p>Mensagens trocadas entre procuradores revelam trechos como \u201cprecisamos atingir Lula na cabe\u00e7a\u201d. Frases assim demonstram o clima de tempestade perfeita que viria a atingir n\u00e3o apenas um r\u00e9u, mas a credibilidade de toda a justi\u00e7a brasileira, acreditam os organizadores da obra.<\/p>\n<p>\u201cO grupo nasceu da indigna\u00e7\u00e3o, alimentou-se com a troca de ideias e cresceu com o prop\u00f3sito de apresentar contrapontos e fazer um registro hist\u00f3rico desse momento da vida brasileira\u201d, diz Marco Aur\u00e9lio de Carvalho, Coordenador do PRERR\u00d4<\/p>\n<p>O \u2018lawfare\u2019, uso pol\u00edtico do direito contra advers\u00e1rios-inimigos, se fez presente desde os primeiros passos da opera\u00e7\u00e3o, sendo at\u00e9 mesmo afirmar que o \u201cpaciente zero\u201d da epidemia jur\u00eddica estava localizado no Habeas Corpus n\u00ba 95.518, em que o Supremo Tribunal Federal disse, com toda as letras, que o juiz Moro praticara abusos na condu\u00e7\u00e3o do processo, lembram.<\/p>\n<p>A Opera\u00e7\u00e3o Lava Jato sofreu muta\u00e7\u00f5es, ao ponto de parcela consider\u00e1vel da comunidade jur\u00eddica aderir \u00e0 tese de que os fins justificam os meios, o que se pode ver, no \u00e2mbito da For\u00e7a-Tarefa do Minist\u00e9rio P\u00fablico, pelas declara\u00e7\u00f5es de Deltan Dallagnol de que garantias processuais s\u00e3o \u201cfiligranas\u201d e o \u201cque vale \u00e9 a pol\u00edtica\u201d, refor\u00e7am.<\/p>\n<p>\u201c A injusti\u00e7a causa uma sensa\u00e7\u00e3o f\u00edsica, nauseante\u201d, assinala Marco Aur\u00e9lio de Carvalho.<\/p>\n<p>\u201cO Livro das Suspei\u00e7\u00f5es\u201d, primeiro da s\u00e9rie, abriu a trilogia, com o subt\u00edtulo \u201cO que fazer quando sabemos que sabemos que Moro era parcial e suspeito? \u201d, reunindo textos de mais de quarenta autores. Sua continua\u00e7\u00e3o, \u201cO Livro das Parcialidades\u201d, tem 28 textos produzidos por 35 autores. Completando a trilogia, em breve chegar\u00e1 ao mercado \u201cO Livro dos Julgamentos\u201d.<\/p>\n<p><strong>Sobre a Editora Telha<\/strong>:<\/p>\n<p>A Telha \u00e9 uma editora independente voltada \u00e0 publica\u00e7\u00e3o de obras cr\u00edticas sobre temas contempor\u00e2neos.<\/p>\n<p>Sobre os Organizadores da obra:<\/p>\n<p>Coordena\u00e7\u00e3o: MARCO AUR\u00c9LIO DE CARVALHO. S\u00f3cio-fundador do Grupo Prerrogativas e da Associa\u00e7\u00e3o Brasileira de Juristas pela Democracia (ABJD), s\u00f3cio-fundador do CM Advogados.<\/p>\n<p>CAROLINE PRONER. Advogada, Doutora em Direito Internacional, Professora da UFRJ.<\/p>\n<p>FABIANO SILVA DOS SANTOS. Advogado, Professor Universit\u00e1rio, Mestre e Doutorando em Direito pela PUC\/SP<\/p>\n<p>LENIO LUIZ STRECK. Jurista, Professor Titular da Unisinos-RS e Unesa-RJ, Doutor e P\u00f3s-Doutor em Direito e s\u00f3cio do escrit\u00f3rio Streck &amp; Trindade Advogados Associados.<\/p>\n<p><strong>Servi\u00e7o<\/strong>:<\/p>\n<p>Livro: O Livro das Parcialidades<\/p>\n<p>Organizadores: Carol Proner, Fabiano Silva dos Santos, Lenio Streck e Marco Aur\u00e9lio de Carvalho (Grupo Prerrogativas)<\/p>\n<p>Editora: Telha<\/p>\n<p>P\u00e1ginas: 244<\/p>\n<p>Pre\u00e7o: R$ 65,00<\/p>\n","protected":false},"excerpt":{"rendered":"<p>Livro organizado pelo Grupo Prerrogativas tra\u00e7a cronologia das interfer\u00eancias do ex-juiz a fim de gerar senten\u00e7as de seu interesse.\u00a0Mensagens trocadas entre procuradores revelam trechos como \u201cprecisamos atingir Lula na cabe\u00e7a\u201d. Frases assim demonstram o clima de tempestade perfeita que viria a atingir n\u00e3o apenas um r\u00e9u, mas a credibilidade de toda a justi\u00e7a brasileira, acreditam os organizadores da obra. O [&hellip;]<\/p>\n","protected":false},"author":27,"featured_media":0,"comment_status":"open","ping_status":"closed","sticky":false,"template":"","format":"standard","meta":{"footnotes":""},"categories":[2719],"tags":[3315,2047,10485,6027,19017,2352,116,19019,272,7975,19020,13356,1949,1967,260,489,417,1407,19018,1157,1417,4924,1399,34,18306],"class_list":["post-19883","post","type-post","status-publish","format-standard","hentry","category-servidor","tag-abusos","tag-acordos","tag-acusacao","tag-adversarios","tag-caca-a-bruxas","tag-credibilidade","tag-direito","tag-editora-telha","tag-epidemia","tag-habeas-corpus","tag-ilicitudes","tag-inimigos","tag-julgamento","tag-julgamentos","tag-justica","tag-mercado","tag-ministerio-publico","tag-operacao-lava-jato","tag-parcialidades","tag-processo","tag-republica","tag-reu","tag-sergio-moro","tag-stf","tag-suspeito"],"_links":{"self":[{"href":"https:\/\/blogs.correiobraziliense.com.br\/servidor\/wp-json\/wp\/v2\/posts\/19883","targetHints":{"allow":["GET"]}}],"collection":[{"href":"https:\/\/blogs.correiobraziliense.com.br\/servidor\/wp-json\/wp\/v2\/posts"}],"about":[{"href":"https:\/\/blogs.correiobraziliense.com.br\/servidor\/wp-json\/wp\/v2\/types\/post"}],"author":[{"embeddable":true,"href":"https:\/\/blogs.correiobraziliense.com.br\/servidor\/wp-json\/wp\/v2\/users\/27"}],"replies":[{"embeddable":true,"href":"https:\/\/blogs.correiobraziliense.com.br\/servidor\/wp-json\/wp\/v2\/comments?post=19883"}],"version-history":[{"count":1,"href":"https:\/\/blogs.correiobraziliense.com.br\/servidor\/wp-json\/wp\/v2\/posts\/19883\/revisions"}],"predecessor-version":[{"id":19885,"href":"https:\/\/blogs.correiobraziliense.com.br\/servidor\/wp-json\/wp\/v2\/posts\/19883\/revisions\/19885"}],"wp:attachment":[{"href":"https:\/\/blogs.correiobraziliense.com.br\/servidor\/wp-json\/wp\/v2\/media?parent=19883"}],"wp:term":[{"taxonomy":"category","embeddable":true,"href":"https:\/\/blogs.correiobraziliense.com.br\/servidor\/wp-json\/wp\/v2\/categories?post=19883"},{"taxonomy":"post_tag","embeddable":true,"href":"https:\/\/blogs.correiobraziliense.com.br\/servidor\/wp-json\/wp\/v2\/tags?post=19883"}],"curies":[{"name":"wp","href":"https:\/\/api.w.org\/{rel}","templated":true}]}}