{"id":19881,"date":"2021-06-23T19:58:01","date_gmt":"2021-06-23T22:58:01","guid":{"rendered":"https:\/\/blogs.correiobraziliense.com.br\/servidor\/?p=19881"},"modified":"2021-06-23T19:58:01","modified_gmt":"2021-06-23T22:58:01","slug":"planalto-corre-para-concluir-mp-da-casa-propria-dos-policiais","status":"publish","type":"post","link":"https:\/\/blogs.correiobraziliense.com.br\/servidor\/planalto-corre-para-concluir-mp-da-casa-propria-dos-policiais\/","title":{"rendered":"Planalto corre para concluir MP da casa pr\u00f3pria dos policiais"},"content":{"rendered":"<p><em><strong>Depois da carreata de hoje em todo o pa\u00eds, em que o pessoal das carreiras de seguran\u00e7a se uniram a outros profissionais do servi\u00e7o p\u00fablico, t\u00e9cnicos do governo disseram que os efeitos j\u00e1 come\u00e7am a se manifestar. O Habite Seguro deve sair at\u00e9 o final de julho<\/strong><\/em><\/p>\n<p><img loading=\"lazy\" decoding=\"async\" class=\"alignright size-full wp-image-19831\" src=\"https:\/\/blogs.correiobraziliense.com.br\/servidor\/wp-content\/uploads\/sites\/10\/2021\/06\/FOR\u00c7AS-DE-SEGURAN\u00c7A.jpg\" alt=\"\" width=\"512\" height=\"256\" srcset=\"https:\/\/blogs.correiobraziliense.com.br\/servidor\/wp-content\/uploads\/sites\/10\/2021\/06\/FOR\u00c7AS-DE-SEGURAN\u00c7A.jpg 512w, https:\/\/blogs.correiobraziliense.com.br\/servidor\/wp-content\/uploads\/sites\/10\/2021\/06\/FOR\u00c7AS-DE-SEGURAN\u00c7A-300x150.jpg 300w, https:\/\/blogs.correiobraziliense.com.br\/servidor\/wp-content\/uploads\/sites\/10\/2021\/06\/FOR\u00c7AS-DE-SEGURAN\u00c7A-230x115.jpg 230w\" sizes=\"auto, (max-width: 512px) 100vw, 512px\" \/><\/p>\n<p>Apesar de os servidores, de forma geral, j\u00e1 gozarem alguns benef\u00edcios no setor banc\u00e1rio \u2013 com taxas mais baixas porque representam risco menor, devido \u00e0 estabilidade no emprego -, em ano de elei\u00e7\u00f5es, tudo pode acontecer com categorias espec\u00edficas e intensivas em voto. Uma delas \u00e9 a Medida Provis\u00f3ria da Casa Pr\u00f3pria dos policiais, especialmente pensada para agradar esse p\u00fablico, importante base de apoio do presidente Jair Bolsonaro, que come\u00e7a a se afastar, e reclama que o presidente n\u00e3o cumpriu promessas de campanha.<\/p>\n<p>T\u00e9cnicos da Casa Civil da Presid\u00eancia da Rep\u00fablica confirmaram que as negocia\u00e7\u00f5es est\u00e3o intensas para que o documento esteja pronto e em vigor at\u00e9 o final de julho. Segundo eles, o programa para a casa pr\u00f3pria dos policiais j\u00e1 tem um nome: Habite Seguro. Ele tem subs\u00eddio (desconto a fundo perdido, que n\u00e3o precisa devolvido) de R$ 13 mil para que policiais e bombeiros paguem o sinal do financiamento e as despesas com cart\u00f3rio.<\/p>\n<p>O Habite Seguro dever\u00e1 ser operado pela Caixa Econ\u00f4mica. Um funcion\u00e1rio, que n\u00e3o quis se identificar, n\u00e3o concorda com a MP. \u201cTodos n\u00f3s, servidores, j\u00e1 temos direito a juros de quase 2 pontos percentuais mais baixos que o pessoal da iniciativa privada. Nas linhas de cr\u00e9dito habitacional, pagamos pouco mais de 6% ao ano, enquanto os demais t\u00eam que bancar 8% ou mais, no per\u00edodo\u201d, explicou o t\u00e9cnico.<\/p>\n<p>Flavio Werneck, diretor da Federa\u00e7\u00e3o Nacional dos Policiais Federais (Fenapef), contou que sempre houve pleitos de direito comparado, para aux\u00edlio a todos policiais. Mas nada avan\u00e7ou. \u201cForam todos barrados ou ainda tramitam escondidos em gavetas no Congresso. A novidade \u00e9 o governo enviar o projeto por MP. E apoiar\u201d, disse Werneck.<\/p>\n<p>Vantagem<\/p>\n<p>A ideia da MP da Casa Pr\u00f3pria foi lan\u00e7ada pelo chefe do Executivo, em meados de junho, com o aceno de regras mais vantajosas para mais de 620 mil profissionais da \u00e1rea de seguran\u00e7a em todo o pa\u00eds, especialmente os dos Estados, mais alinhados com a gest\u00e3o e com a personalidade do presidente. O foco s\u00e3o os policiais civis, militares e penais, bombeiros e profissionais da pol\u00edcia t\u00e9cnico cient\u00edfica, inclusive os pensionistas.<\/p>\n<p>A MP n\u00e3o se adequa \u00e0s pol\u00edcias Federal, Rodovi\u00e1ria Federal ou Civil do Distrito Federal, porque o teto da remunera\u00e7\u00e3o bruta prevista para entrar no programa \u00e9 de R$ 7 mil ou R$ 8 mil mensais, o que ultrapassa, e muito, o das as categorias pagas pelo cofre da Uni\u00e3o, que ganham entre R$ 12,5 mil a R$ R$ 23,6 mil, no in\u00edcio de carreira. De acordo com a assessoria do Minist\u00e9rio da Justi\u00e7a, o \u00f3rg\u00e3o \u201cainda n\u00e3o tem os detalhes\u201d, porque a MP ainda est\u00e1 sendo costurada no Planalto.<\/p>\n","protected":false},"excerpt":{"rendered":"<p>Depois da carreata de hoje em todo o pa\u00eds, em que o pessoal das carreiras de seguran\u00e7a se uniram a outros profissionais do servi\u00e7o p\u00fablico, t\u00e9cnicos do governo disseram que os efeitos j\u00e1 come\u00e7am a se manifestar. O Habite Seguro deve sair at\u00e9 o final de julho Apesar de os servidores, de forma geral, j\u00e1 gozarem alguns benef\u00edcios no setor [&hellip;]<\/p>\n","protected":false},"author":27,"featured_media":0,"comment_status":"open","ping_status":"closed","sticky":false,"template":"","format":"standard","meta":{"footnotes":""},"categories":[2719],"tags":[1165,1149,17608,3337,18631,1035,235,3362,98,1102,51,894,2211,110,1596,208,32],"class_list":["post-19881","post","type-post","status-publish","format-standard","hentry","category-servidor","tag-bombeiros","tag-caixa","tag-carreata","tag-cartorio","tag-casa-propria","tag-civis","tag-despesas","tag-financiamento","tag-governo","tag-juros","tag-militares","tag-negociacoes","tag-planalto","tag-policiais","tag-programa","tag-seguranca","tag-subsidio"],"_links":{"self":[{"href":"https:\/\/blogs.correiobraziliense.com.br\/servidor\/wp-json\/wp\/v2\/posts\/19881","targetHints":{"allow":["GET"]}}],"collection":[{"href":"https:\/\/blogs.correiobraziliense.com.br\/servidor\/wp-json\/wp\/v2\/posts"}],"about":[{"href":"https:\/\/blogs.correiobraziliense.com.br\/servidor\/wp-json\/wp\/v2\/types\/post"}],"author":[{"embeddable":true,"href":"https:\/\/blogs.correiobraziliense.com.br\/servidor\/wp-json\/wp\/v2\/users\/27"}],"replies":[{"embeddable":true,"href":"https:\/\/blogs.correiobraziliense.com.br\/servidor\/wp-json\/wp\/v2\/comments?post=19881"}],"version-history":[{"count":1,"href":"https:\/\/blogs.correiobraziliense.com.br\/servidor\/wp-json\/wp\/v2\/posts\/19881\/revisions"}],"predecessor-version":[{"id":19882,"href":"https:\/\/blogs.correiobraziliense.com.br\/servidor\/wp-json\/wp\/v2\/posts\/19881\/revisions\/19882"}],"wp:attachment":[{"href":"https:\/\/blogs.correiobraziliense.com.br\/servidor\/wp-json\/wp\/v2\/media?parent=19881"}],"wp:term":[{"taxonomy":"category","embeddable":true,"href":"https:\/\/blogs.correiobraziliense.com.br\/servidor\/wp-json\/wp\/v2\/categories?post=19881"},{"taxonomy":"post_tag","embeddable":true,"href":"https:\/\/blogs.correiobraziliense.com.br\/servidor\/wp-json\/wp\/v2\/tags?post=19881"}],"curies":[{"name":"wp","href":"https:\/\/api.w.org\/{rel}","templated":true}]}}