{"id":1988,"date":"2016-06-21T17:22:36","date_gmt":"2016-06-21T20:22:36","guid":{"rendered":"https:\/\/blogs.correiobraziliense.com.br\/servidor\/?p=1988"},"modified":"2016-06-21T17:22:36","modified_gmt":"2016-06-21T20:22:36","slug":"advogados-da-uniao-pressiona-governo-cumprir-termos-do-acordo-salarial","status":"publish","type":"post","link":"https:\/\/blogs.correiobraziliense.com.br\/servidor\/advogados-da-uniao-pressiona-governo-cumprir-termos-do-acordo-salarial\/","title":{"rendered":"Advogados da Uni\u00e3o pressionam governo a cumprir termos do acordo salarial"},"content":{"rendered":"<p><em>A Associa\u00e7\u00e3o Nacional dos Advogados P\u00fablicos Federais (Anafe) concluiu a segunda fase da enquete que ser\u00e1 usada para subsidiar as estrat\u00e9gias de atua\u00e7\u00e3o e mobiliza\u00e7\u00e3o, por conta do descumprimento do acordo firmado entre o governo federal e os membros das carreiras da Advocacia-Geral da Uni\u00e3o (AGU): 71,68% decidiram por paralisa\u00e7\u00f5es semanais crescentes (aumento do n\u00famero de dias paralisados gradativamente no decorrer das semanas); 90,39% foram contra realiza\u00e7\u00e3o de atividades administrativas e extraordin\u00e1rias, tais como despachos, sustenta\u00e7\u00f5es orais, entre outras; e 61,13% aprovaram indicativo de greve.<\/em><\/p>\n<p>O segundo turno da enquete se deu ap\u00f3s a pergunta sobre a forma de atua\u00e7\u00e3o da Anafe diante da inclus\u00e3o dos aposentados \u2013 com um percentual final divergente daquele contido na emenda de consenso das associa\u00e7\u00f5es (50%) \u2013 n\u00e3o ter alcan\u00e7ado a maioria absoluta dos votos (ou seja, 50% + 1 dos votantes) na primeira fase.<\/p>\n<p>O Presidente da Anafe, Marcelino Rodrigues, afirma que os resultados da vota\u00e7\u00e3o ser\u00e3o a base para a atua\u00e7\u00e3o e para as estrat\u00e9gias a serem tra\u00e7adas a partir deste momento. \u201cA enquete foi realizada para que os membros da Anafe decidissem de forma democr\u00e1tica quais seriam as pr\u00f3ximas medidas a serem tomadas pela entidade neste momento extremamente complicado pelo qual estamos passando, principalmente diante do descumprimento do acordo por parte do governo\u201d, ressalta.<\/p>\n<p><strong>RESULTADOS<\/strong><\/p>\n<p>Com <strong>57.18%,<\/strong> os associados da Anafe decidiram, na segunda fase da vota\u00e7\u00e3o, que a entidade deve \u201cbuscar a retifica\u00e7\u00e3o do percentual para aquele previsto na Emenda de consenso (ou seja, 35%), por meio de procedimento que vise evitar o retorno do projeto de lei para a C\u00e2mara dos Deputados e, caso n\u00e3o se tenha \u00eaxito, buscar a aprova\u00e7\u00e3o do PL nos moldes em que se encontra, para que n\u00e3o retorne \u00e0 C\u00e2mara dos Deputados\u201d.<\/p>\n<p><strong>PRIMEIRA FASE<\/strong><\/p>\n<p>Na primeira vota\u00e7\u00e3o, a pesquisa questionou, de forma mais ampla, os associados sobre os procedimentos que devem ser adotados diante do descumprimento do acordo firmado junto ao MPOG por parte do Governo, com a retirada da Advocacia Privada do texto do PL 4254\/15, al\u00e9m do indicativo de greve.<\/p>\n<p>Confira as perguntas da enquete e os resultados da vota\u00e7\u00e3o:<\/p>\n<p><strong>Diante do descumprimento do acordo firmado junto ao MPOG por parte do Governo, com a retirada da Advocacia Privada do texto do PL 4254\/15, quais devem ser as medidas encampadas pela ANAFE para pressionar o Governo e o Parlamento pelo cumprimento integral do acordo, bem como pelo tratamento ison\u00f4mico com as demais Fun\u00e7\u00f5es Essenciais \u00e0 Justi\u00e7a:<\/strong><\/p>\n<p><strong>Pergunta:\u00a0<\/strong>N\u00e3o realiza\u00e7\u00e3o de viagens e audi\u00eancias fora da lota\u00e7\u00e3o por parte dos membros da AGU.<\/p>\n<p>Sim \u2013 89.51%<\/p>\n<p>N\u00e3o \u2013 10.49%<\/p>\n<p><strong>Pergunta:\u00a0<\/strong>Paralisa\u00e7\u00f5es semanais crescentes (ou seja, com o aumento do n\u00famero de dias paralisados gradativamente no decorrer das semanas).<\/p>\n<p>Sim \u2013 71.68%<\/p>\n<p>N\u00e3o \u2013 28.32%<\/p>\n<p><strong>Pergunta:\u00a0<\/strong>Retorno do Movimento de Entrega de Cargos (com a ressalva daqueles casos em que a escolha tenha se dado atrav\u00e9s de processo democr\u00e1tico com a participa\u00e7\u00e3o dos membros da respectiva Unidade, o que deve ser decidido pelos colegas locais em comum acordo).<\/p>\n<p>Sim \u2013 79.01%<\/p>\n<p>N\u00e3o \u2013 20.99%<\/p>\n<p><strong>Pergunta:\u00a0<\/strong>N\u00e3o realiza\u00e7\u00f5es de atividades administrativas, bem como extraordin\u00e1rias, tais como despachos, sustenta\u00e7\u00f5es orais, entre outras. (Caso aprovada, ser\u00e1 divulgada uma orienta\u00e7\u00e3o geral tratando dos casos)<\/p>\n<p>Sim \u2013 90.39%<\/p>\n<p>N\u00e3o \u2013 9.61%<\/p>\n<p><strong>Pergunta:\u00a0<\/strong>Dissolu\u00e7\u00e3o de n\u00facleos ou divis\u00f5es estrat\u00e9gicas ou de acompanhamento especial, com o retorno dos colegas para a distribui\u00e7\u00e3o geral.<\/p>\n<p>Sim \u2013 83.19%<\/p>\n<p>N\u00e3o \u2013 16.81%<\/p>\n<p><strong>Pergunta:\u00a0<\/strong>Indicativo de Greve, com o in\u00edcio dos procedimentos pr\u00e9vios necess\u00e1rios para a realiza\u00e7\u00e3o de movimento paredista.<\/p>\n<p>Sim \u2013 67.13%<\/p>\n<p>N\u00e3o \u2013 32.87%<\/p>\n<p>&nbsp;<\/p>\n","protected":false},"excerpt":{"rendered":"<p>A Associa\u00e7\u00e3o Nacional dos Advogados P\u00fablicos Federais (Anafe) concluiu a segunda fase da enquete que ser\u00e1 usada para subsidiar as estrat\u00e9gias de atua\u00e7\u00e3o e mobiliza\u00e7\u00e3o, por conta do descumprimento do acordo firmado entre o governo federal e os membros das carreiras da Advocacia-Geral da Uni\u00e3o (AGU): 71,68% decidiram por paralisa\u00e7\u00f5es semanais crescentes (aumento do n\u00famero de dias paralisados gradativamente no [&hellip;]<\/p>\n","protected":false},"author":27,"featured_media":0,"comment_status":"open","ping_status":"closed","sticky":false,"template":"","format":"standard","meta":{"footnotes":""},"categories":[1],"tags":[112,265,157,1558,1193,2374,2422,1688,98,481,1166,18,330],"class_list":["post-1988","post","type-post","status-publish","format-standard","hentry","category-sem-categoria","tag-acordo","tag-advogados","tag-agu","tag-assinado","tag-atuacao","tag-cumprir","tag-enquete","tag-estrategias","tag-governo","tag-mobilizacao","tag-pressionam","tag-salarial","tag-uniao"],"_links":{"self":[{"href":"https:\/\/blogs.correiobraziliense.com.br\/servidor\/wp-json\/wp\/v2\/posts\/1988","targetHints":{"allow":["GET"]}}],"collection":[{"href":"https:\/\/blogs.correiobraziliense.com.br\/servidor\/wp-json\/wp\/v2\/posts"}],"about":[{"href":"https:\/\/blogs.correiobraziliense.com.br\/servidor\/wp-json\/wp\/v2\/types\/post"}],"author":[{"embeddable":true,"href":"https:\/\/blogs.correiobraziliense.com.br\/servidor\/wp-json\/wp\/v2\/users\/27"}],"replies":[{"embeddable":true,"href":"https:\/\/blogs.correiobraziliense.com.br\/servidor\/wp-json\/wp\/v2\/comments?post=1988"}],"version-history":[{"count":1,"href":"https:\/\/blogs.correiobraziliense.com.br\/servidor\/wp-json\/wp\/v2\/posts\/1988\/revisions"}],"predecessor-version":[{"id":1989,"href":"https:\/\/blogs.correiobraziliense.com.br\/servidor\/wp-json\/wp\/v2\/posts\/1988\/revisions\/1989"}],"wp:attachment":[{"href":"https:\/\/blogs.correiobraziliense.com.br\/servidor\/wp-json\/wp\/v2\/media?parent=1988"}],"wp:term":[{"taxonomy":"category","embeddable":true,"href":"https:\/\/blogs.correiobraziliense.com.br\/servidor\/wp-json\/wp\/v2\/categories?post=1988"},{"taxonomy":"post_tag","embeddable":true,"href":"https:\/\/blogs.correiobraziliense.com.br\/servidor\/wp-json\/wp\/v2\/tags?post=1988"}],"curies":[{"name":"wp","href":"https:\/\/api.w.org\/{rel}","templated":true}]}}