{"id":1986,"date":"2016-06-21T17:06:25","date_gmt":"2016-06-21T20:06:25","guid":{"rendered":"https:\/\/blogs.correiobraziliense.com.br\/servidor\/?p=1986"},"modified":"2016-06-21T17:06:25","modified_gmt":"2016-06-21T20:06:25","slug":"analistas-tributarios-da-receita-se-mobilizam-pelo-envio-dos-projetos-de-reajuste","status":"publish","type":"post","link":"https:\/\/blogs.correiobraziliense.com.br\/servidor\/analistas-tributarios-da-receita-se-mobilizam-pelo-envio-dos-projetos-de-reajuste\/","title":{"rendered":"Analistas-tribut\u00e1rios da Receita se mobilizam pelo envio dos projetos de reajuste"},"content":{"rendered":"<p><em>Dia Nacional do SIM: Sindireceita convoca analistas-tribut\u00e1rios para fortalecer a mobiliza\u00e7\u00e3o nesta quinta-feira, dia 23 de junho<\/em><\/p>\n<p>Analistas-tribut\u00e1rios da Receita Federal mobilizam nesta quinta-feira, dia 23 de junho, em todo o Pa\u00eds o Dia Nacional do SIM pela urg\u00eancia no encaminhamento e aprova\u00e7\u00e3o do Projeto de Lei (PL) do acordo remunerat\u00f3rio da categoria, por convoca\u00e7\u00e3o da Diretoria Executiva Nacional (DEN) do Sindireceita.<\/p>\n<p>O movimento \u00e9 em rep\u00fadio \u00e0 morosidade na condu\u00e7\u00e3o do encaminhamento e aprova\u00e7\u00e3o do PL, que contempla a reestrutura\u00e7\u00e3o salarial da categoria, conforme acordo assinado no dia 23 de mar\u00e7o, com o Minist\u00e9rio do Planejamento, Or\u00e7amento e Gest\u00e3o (MPOG) e contra o esgotamento do prazo para vigorar, segundo prev\u00ea acordo assinado, o cumprimento do reajuste salarial dos analistas-tribut\u00e1rios e do b\u00f4nus de efici\u00eancia.<\/p>\n<p>O Dia Nacional do SIM tamb\u00e9m refor\u00e7a a indigna\u00e7\u00e3o dos analistas-tribut\u00e1rios contra o quadro de inconsist\u00eancias das atribui\u00e7\u00f5es nas atividades da carreira existentes no resultado da an\u00e1lise de atribui\u00e7\u00f5es do Mapeamento de Processos de Trabalho da Receita Federal.<\/p>\n<p>At\u00e9 amanh\u00e3, 22 de junho, ser\u00e1 publicado um informativo com todas os dados necess\u00e1rios para an\u00e1lise e debate nas bases sobre o encaminhamento do PL.<\/p>\n<p>&nbsp;<\/p>\n","protected":false},"excerpt":{"rendered":"<p>Dia Nacional do SIM: Sindireceita convoca analistas-tribut\u00e1rios para fortalecer a mobiliza\u00e7\u00e3o nesta quinta-feira, dia 23 de junho Analistas-tribut\u00e1rios da Receita Federal mobilizam nesta quinta-feira, dia 23 de junho, em todo o Pa\u00eds o Dia Nacional do SIM pela urg\u00eancia no encaminhamento e aprova\u00e7\u00e3o do Projeto de Lei (PL) do acordo remunerat\u00f3rio da categoria, por convoca\u00e7\u00e3o da Diretoria Executiva Nacional (DEN) [&hellip;]<\/p>\n","protected":false},"author":27,"featured_media":0,"comment_status":"open","ping_status":"closed","sticky":false,"template":"","format":"standard","meta":{"footnotes":""},"categories":[1],"tags":[511,100,2285,98,2420,2421,1300,690,294,1376],"class_list":["post-1986","post","type-post","status-publish","format-standard","hentry","category-sem-categoria","tag-analistas-tributarios","tag-congresso","tag-envio","tag-governo","tag-mobilizam","tag-mpog","tag-projetos","tag-reajustes","tag-receita-federal","tag-reestruturacao"],"_links":{"self":[{"href":"https:\/\/blogs.correiobraziliense.com.br\/servidor\/wp-json\/wp\/v2\/posts\/1986","targetHints":{"allow":["GET"]}}],"collection":[{"href":"https:\/\/blogs.correiobraziliense.com.br\/servidor\/wp-json\/wp\/v2\/posts"}],"about":[{"href":"https:\/\/blogs.correiobraziliense.com.br\/servidor\/wp-json\/wp\/v2\/types\/post"}],"author":[{"embeddable":true,"href":"https:\/\/blogs.correiobraziliense.com.br\/servidor\/wp-json\/wp\/v2\/users\/27"}],"replies":[{"embeddable":true,"href":"https:\/\/blogs.correiobraziliense.com.br\/servidor\/wp-json\/wp\/v2\/comments?post=1986"}],"version-history":[{"count":1,"href":"https:\/\/blogs.correiobraziliense.com.br\/servidor\/wp-json\/wp\/v2\/posts\/1986\/revisions"}],"predecessor-version":[{"id":1987,"href":"https:\/\/blogs.correiobraziliense.com.br\/servidor\/wp-json\/wp\/v2\/posts\/1986\/revisions\/1987"}],"wp:attachment":[{"href":"https:\/\/blogs.correiobraziliense.com.br\/servidor\/wp-json\/wp\/v2\/media?parent=1986"}],"wp:term":[{"taxonomy":"category","embeddable":true,"href":"https:\/\/blogs.correiobraziliense.com.br\/servidor\/wp-json\/wp\/v2\/categories?post=1986"},{"taxonomy":"post_tag","embeddable":true,"href":"https:\/\/blogs.correiobraziliense.com.br\/servidor\/wp-json\/wp\/v2\/tags?post=1986"}],"curies":[{"name":"wp","href":"https:\/\/api.w.org\/{rel}","templated":true}]}}