{"id":19844,"date":"2021-06-21T12:40:04","date_gmt":"2021-06-21T15:40:04","guid":{"rendered":"https:\/\/blogs.correiobraziliense.com.br\/servidor\/?p=19844"},"modified":"2021-06-21T12:41:44","modified_gmt":"2021-06-21T15:41:44","slug":"paulo-guedes-na-comissao-especial-da-reforma-administrativa-no-dia-30-de-junho","status":"publish","type":"post","link":"https:\/\/blogs.correiobraziliense.com.br\/servidor\/paulo-guedes-na-comissao-especial-da-reforma-administrativa-no-dia-30-de-junho\/","title":{"rendered":"Paulo Guedes na comiss\u00e3o especial da reforma administrativa no dia 30 de junho"},"content":{"rendered":"<p><em><strong>No novo calend\u00e1rio da comiss\u00e3o especial que debate a Proposta de Emenda \u00e0 Constitui\u00e7\u00e3o (PEC 32\/2020), divulgado dias ap\u00f3s o relator, deputado Arthur Maia (DEM-BA), ler o seu\u00a0 plano de trabalho, ficou acertado que o ministro da Economia, Paulo Guedes, dever\u00e1 comparecer no pr\u00f3ximo dia 30 de junho<\/strong><\/em><\/p>\n<figure id=\"attachment_17551\" aria-describedby=\"caption-attachment-17551\" style=\"width: 800px\" class=\"wp-caption alignright\"><img loading=\"lazy\" decoding=\"async\" class=\"size-full wp-image-17551\" src=\"https:\/\/blogs.correiobraziliense.com.br\/servidor\/wp-content\/uploads\/sites\/10\/2020\/09\/pauloguedes.jpg\" alt=\"paulo guedes\" width=\"800\" height=\"533\" srcset=\"https:\/\/blogs.correiobraziliense.com.br\/servidor\/wp-content\/uploads\/sites\/10\/2020\/09\/pauloguedes.jpg 800w, https:\/\/blogs.correiobraziliense.com.br\/servidor\/wp-content\/uploads\/sites\/10\/2020\/09\/pauloguedes-300x200.jpg 300w, https:\/\/blogs.correiobraziliense.com.br\/servidor\/wp-content\/uploads\/sites\/10\/2020\/09\/pauloguedes-768x512.jpg 768w, https:\/\/blogs.correiobraziliense.com.br\/servidor\/wp-content\/uploads\/sites\/10\/2020\/09\/pauloguedes-550x366.jpg 550w, https:\/\/blogs.correiobraziliense.com.br\/servidor\/wp-content\/uploads\/sites\/10\/2020\/09\/pauloguedes-230x153.jpg 230w\" sizes=\"auto, (max-width: 800px) 100vw, 800px\" \/><figcaption id=\"caption-attachment-17551\" class=\"wp-caption-text\">Cr\u00e9dito: AFP \/ Sergio Lima<\/figcaption><\/figure>\n<p>O roteiro prev\u00ea 14 audi\u00eancias p\u00fablicas. A primeira ser\u00e1 amanh\u00e3, com o tema &#8220;Inova\u00e7\u00e3o na Administra\u00e7\u00e3o P\u00fablica&#8221;. Na quarta-feira passada (16), deputados de oposi\u00e7\u00e3o\u00a0queriam a convoca\u00e7\u00e3o de Guedes, mas acabaram entrando em um acordo e a convoca\u00e7\u00e3o, cuja presen\u00e7a \u00e9 obrigat\u00f3ria, foi transformada em convite, em que a presen\u00e7a \u00e9 opcional.<\/p>\n<p>O l\u00edder do governo na C\u00e2mara, deputado Ricardo Barros (PP-PR), na ocasi\u00e3o, confirmou que Guedes iriai comparecer, &#8220;possivelmente na pr\u00f3xima semana&#8221;, que supostamente seria entre os dias 21 e 25. Mas acabou sendo adiada para o \u00faltimo dia do m\u00eas. \u201cO ministro vir\u00e1 \u00e0 comiss\u00e3o. Vir\u00e1 com prazer e ele fez j\u00e1 esse debate na CCJ\u201d, disse. Ainda aguardamos confirma\u00e7\u00e3o da agenda de Guedes.<\/p>\n<p>Veja o novo plano de trabalho:<\/p>\n<p>Roteiro de audi\u00eancias p\u00fablicas para debater temas relacionados \u00e0 Proposta de Emenda \u00e0\u00a0Constitui\u00e7\u00e3o (PEC) 32\/20:<\/p>\n<p>22.06.2021 &#8211; Inova\u00e7\u00e3o na administra\u00e7\u00e3o p\u00fablica<br \/>\n29.06.2021 &#8211; Interven\u00e7\u00e3o do Estado no dom\u00ednio econ\u00f4mico, parcerias celebradas pela administra\u00e7\u00e3o<br \/>\np\u00fablica e celebra\u00e7\u00e3o de contratos de desempenho (acr\u00e9scimo de \u00a7 6\u00ba ao art. 173 da Constitui\u00e7\u00e3o,<br \/>\nacr\u00e9scimo de art. 37-A \u00e0 Constitui\u00e7\u00e3o e reda\u00e7\u00e3o atribu\u00edda pela PEC ao \u00a7 8\u00ba do art. 37 da<br \/>\nConstitui\u00e7\u00e3o).<br \/>\n<em><strong>30.06.2021 \u2013 Presen\u00e7a do ministro Paulo Guedes (data sugerida)<\/strong><\/em><br \/>\n06.07.2021 &#8211; Regime jur\u00eddico da magistratura, dos membros do Minist\u00e9rio P\u00fablico, dos membros dos<br \/>\nTribunais de Contas, dos advogados p\u00fablicos, dos defensores p\u00fablicos e dos titulares de mandatos<br \/>\neletivos<br \/>\n07.07.2021 &#8211; Regime jur\u00eddico dos militares das For\u00e7as Armadas e dos militares dos Estados e do<br \/>\nDistrito Federal<br \/>\n13.07.2021 &#8211; Concurso p\u00fablico e v\u00ednculo de experi\u00eancia<br \/>\n14.07.2021 &#8211; Condi\u00e7\u00f5es para aquisi\u00e7\u00e3o de estabilidade no servi\u00e7o p\u00fablico<br \/>\n03.08.2021 &#8211; Carreiras t\u00edpicas de Estado e servidores contratados por prazo indeterminado<br \/>\n04.08.2021 &#8211; Contrata\u00e7\u00e3o tempor\u00e1ria, cargos em comiss\u00e3o e fun\u00e7\u00f5es de confian\u00e7a<br \/>\n11.08.2021 &#8211; Avalia\u00e7\u00e3o de desempenho e qualifica\u00e7\u00e3o de servidores p\u00fablicos<br \/>\n12.08.2021 &#8211; Regime pr\u00f3prio de previd\u00eancia social<br \/>\n17.08.2021 &#8211; Situa\u00e7\u00e3o dos empregados p\u00fablicos na reforma<br \/>\n18.08.2021 &#8211; Efeitos da reforma sobre os atuais servidores federais, estaduais e municipais<br \/>\n19.08.2021 &#8211; Regulamenta\u00e7\u00e3o da reforma<\/p>\n","protected":false},"excerpt":{"rendered":"<p>No novo calend\u00e1rio da comiss\u00e3o especial que debate a Proposta de Emenda \u00e0 Constitui\u00e7\u00e3o (PEC 32\/2020), divulgado dias ap\u00f3s o relator, deputado Arthur Maia (DEM-BA), ler o seu\u00a0 plano de trabalho, ficou acertado que o ministro da Economia, Paulo Guedes, dever\u00e1 comparecer no pr\u00f3ximo dia 30 de junho O roteiro prev\u00ea 14 audi\u00eancias p\u00fablicas. A primeira ser\u00e1 amanh\u00e3, com o [&hellip;]<\/p>\n","protected":false},"author":27,"featured_media":0,"comment_status":"open","ping_status":"closed","sticky":false,"template":"","format":"standard","meta":{"footnotes":""},"categories":[2719],"tags":[112,192,4148,8396,704,3424,14501,18170,15938,19004],"class_list":["post-19844","post","type-post","status-publish","format-standard","hentry","category-servidor","tag-acordo","tag-audiencia","tag-comissao-especial","tag-convite","tag-convocacao","tag-oposicao","tag-paulo-guedes","tag-pec-32-2020","tag-reforma-administrativa","tag-roteiro"],"_links":{"self":[{"href":"https:\/\/blogs.correiobraziliense.com.br\/servidor\/wp-json\/wp\/v2\/posts\/19844","targetHints":{"allow":["GET"]}}],"collection":[{"href":"https:\/\/blogs.correiobraziliense.com.br\/servidor\/wp-json\/wp\/v2\/posts"}],"about":[{"href":"https:\/\/blogs.correiobraziliense.com.br\/servidor\/wp-json\/wp\/v2\/types\/post"}],"author":[{"embeddable":true,"href":"https:\/\/blogs.correiobraziliense.com.br\/servidor\/wp-json\/wp\/v2\/users\/27"}],"replies":[{"embeddable":true,"href":"https:\/\/blogs.correiobraziliense.com.br\/servidor\/wp-json\/wp\/v2\/comments?post=19844"}],"version-history":[{"count":3,"href":"https:\/\/blogs.correiobraziliense.com.br\/servidor\/wp-json\/wp\/v2\/posts\/19844\/revisions"}],"predecessor-version":[{"id":19847,"href":"https:\/\/blogs.correiobraziliense.com.br\/servidor\/wp-json\/wp\/v2\/posts\/19844\/revisions\/19847"}],"wp:attachment":[{"href":"https:\/\/blogs.correiobraziliense.com.br\/servidor\/wp-json\/wp\/v2\/media?parent=19844"}],"wp:term":[{"taxonomy":"category","embeddable":true,"href":"https:\/\/blogs.correiobraziliense.com.br\/servidor\/wp-json\/wp\/v2\/categories?post=19844"},{"taxonomy":"post_tag","embeddable":true,"href":"https:\/\/blogs.correiobraziliense.com.br\/servidor\/wp-json\/wp\/v2\/tags?post=19844"}],"curies":[{"name":"wp","href":"https:\/\/api.w.org\/{rel}","templated":true}]}}