{"id":19830,"date":"2021-06-18T16:02:07","date_gmt":"2021-06-18T19:02:07","guid":{"rendered":"https:\/\/blogs.correiobraziliense.com.br\/servidor\/?p=19830"},"modified":"2021-06-18T16:02:07","modified_gmt":"2021-06-18T19:02:07","slug":"forcas-de-seguranca-fazem-ato-contra-reforma-administrativa","status":"publish","type":"post","link":"https:\/\/blogs.correiobraziliense.com.br\/servidor\/forcas-de-seguranca-fazem-ato-contra-reforma-administrativa\/","title":{"rendered":"For\u00e7as de seguran\u00e7a fazem ato contra reforma administrativa"},"content":{"rendered":"<p><em><strong>Servidores p\u00fablicos paralisam atividades e fazem carreata pelo Brasil contra a reforma administrativa. Funcion\u00e1rios de\u00a0diversas carreiras, na pr\u00f3xima quarta-feira (23\/6), se mobilizam em todo o pa\u00eds contra a PEC 32\/2020, ao longo de todo o dia. Servi\u00e7os de sa\u00fade n\u00e3o ser\u00e3o atingidos, em virtude da pandemia<\/strong><\/em><\/p>\n<p><img loading=\"lazy\" decoding=\"async\" class=\"alignright size-full wp-image-19831\" src=\"https:\/\/blogs.correiobraziliense.com.br\/servidor\/wp-content\/uploads\/sites\/10\/2021\/06\/FOR\u00c7AS-DE-SEGURAN\u00c7A.jpg\" alt=\"\" width=\"512\" height=\"256\" srcset=\"https:\/\/blogs.correiobraziliense.com.br\/servidor\/wp-content\/uploads\/sites\/10\/2021\/06\/FOR\u00c7AS-DE-SEGURAN\u00c7A.jpg 512w, https:\/\/blogs.correiobraziliense.com.br\/servidor\/wp-content\/uploads\/sites\/10\/2021\/06\/FOR\u00c7AS-DE-SEGURAN\u00c7A-300x150.jpg 300w, https:\/\/blogs.correiobraziliense.com.br\/servidor\/wp-content\/uploads\/sites\/10\/2021\/06\/FOR\u00c7AS-DE-SEGURAN\u00c7A-230x115.jpg 230w\" sizes=\"auto, (max-width: 512px) 100vw, 512px\" \/><\/p>\n<p>A manifesta\u00e7\u00e3o \u00e9 organizada pela Uni\u00e3o dos Policiais do Brasil (UPB), que congrega mais de 20 entidades representativas de carreiras da seguran\u00e7a p\u00fablica, e conta com o apoio de diversas entidades nacionais.\u00a0A mobiliza\u00e7\u00e3o ser\u00e1 dividida em dois atos durante o dia: um pela manh\u00e3 e outro pela tarde.<\/p>\n<p>No per\u00edodo da manh\u00e3, os servidores p\u00fablicos paralisar\u00e3o as atividades em todo o pa\u00eds. Os servi\u00e7os de sa\u00fade, no entanto, n\u00e3o ser\u00e3o atingidos em virtude da pandemia do novo coronav\u00edrus. avisam os organizadores.<\/p>\n<p>Pela tarde, ser\u00e3o as carreatas simult\u00e2neas em todas as capitais. Em Bras\u00edlia, a manifesta\u00e7\u00e3o ter\u00e1 in\u00edcio no estacionamento do Est\u00e1dio Nacional (Man\u00e9 Garrincha), a partir das 14h, e seguir\u00e1 at\u00e9 a Esplanada dos Minist\u00e9rios.<\/p>\n<p>&#8220;A reforma administrativa prev\u00ea, entre outros pontos, diversos preju\u00edzos e riscos para as carreiras p\u00fablicas e para o servi\u00e7o prestado, que deixar\u00e3o de ser de Estado para ser do governo da ocasi\u00e3o. Por isso promover\u00e3o o ato p\u00fablico para chamar a aten\u00e7\u00e3o de todos em rela\u00e7\u00e3o ao desmonte que se aproxima&#8221;, destaca a nota.<\/p>\n<p><strong>Servi\u00e7o<\/strong><br \/>\nMobiliza\u00e7\u00e3o em defesa do servi\u00e7o p\u00fablico<br \/>\nData: 23\/06\/2021<br \/>\nHor\u00e1rio: Paralisa\u00e7\u00e3o (per\u00edodo matutino) e carreata (per\u00edodo vespertino)<\/p>\n<p><em>Foto: Sejusp<\/em><\/p>\n","protected":false},"excerpt":{"rendered":"<p>Servidores p\u00fablicos paralisam atividades e fazem carreata pelo Brasil contra a reforma administrativa. Funcion\u00e1rios de\u00a0diversas carreiras, na pr\u00f3xima quarta-feira (23\/6), se mobilizam em todo o pa\u00eds contra a PEC 32\/2020, ao longo de todo o dia. Servi\u00e7os de sa\u00fade n\u00e3o ser\u00e3o atingidos, em virtude da pandemia A manifesta\u00e7\u00e3o \u00e9 organizada pela Uni\u00e3o dos Policiais do Brasil (UPB), que congrega mais [&hellip;]<\/p>\n","protected":false},"author":27,"featured_media":0,"comment_status":"open","ping_status":"closed","sticky":false,"template":"","format":"standard","meta":{"footnotes":""},"categories":[2719],"tags":[463,17608,55,16896,3270,56,11171,17255,506,110,15938,208,4814],"class_list":["post-19830","post","type-post","status-publish","format-standard","hentry","category-servidor","tag-atividades","tag-carreata","tag-carreiras","tag-coronavirus","tag-desmonte","tag-estado","tag-forcas","tag-pandemia","tag-paralisacao","tag-policiais","tag-reforma-administrativa","tag-seguranca","tag-upb"],"_links":{"self":[{"href":"https:\/\/blogs.correiobraziliense.com.br\/servidor\/wp-json\/wp\/v2\/posts\/19830","targetHints":{"allow":["GET"]}}],"collection":[{"href":"https:\/\/blogs.correiobraziliense.com.br\/servidor\/wp-json\/wp\/v2\/posts"}],"about":[{"href":"https:\/\/blogs.correiobraziliense.com.br\/servidor\/wp-json\/wp\/v2\/types\/post"}],"author":[{"embeddable":true,"href":"https:\/\/blogs.correiobraziliense.com.br\/servidor\/wp-json\/wp\/v2\/users\/27"}],"replies":[{"embeddable":true,"href":"https:\/\/blogs.correiobraziliense.com.br\/servidor\/wp-json\/wp\/v2\/comments?post=19830"}],"version-history":[{"count":1,"href":"https:\/\/blogs.correiobraziliense.com.br\/servidor\/wp-json\/wp\/v2\/posts\/19830\/revisions"}],"predecessor-version":[{"id":19832,"href":"https:\/\/blogs.correiobraziliense.com.br\/servidor\/wp-json\/wp\/v2\/posts\/19830\/revisions\/19832"}],"wp:attachment":[{"href":"https:\/\/blogs.correiobraziliense.com.br\/servidor\/wp-json\/wp\/v2\/media?parent=19830"}],"wp:term":[{"taxonomy":"category","embeddable":true,"href":"https:\/\/blogs.correiobraziliense.com.br\/servidor\/wp-json\/wp\/v2\/categories?post=19830"},{"taxonomy":"post_tag","embeddable":true,"href":"https:\/\/blogs.correiobraziliense.com.br\/servidor\/wp-json\/wp\/v2\/tags?post=19830"}],"curies":[{"name":"wp","href":"https:\/\/api.w.org\/{rel}","templated":true}]}}