{"id":19799,"date":"2021-06-16T14:51:45","date_gmt":"2021-06-16T17:51:45","guid":{"rendered":"https:\/\/blogs.correiobraziliense.com.br\/servidor\/?p=19799"},"modified":"2021-06-16T15:14:26","modified_gmt":"2021-06-16T18:14:26","slug":"bolsa-familia-mantera-gasto-anual-de-r-265-bi-em-2021-aponta-ifi","status":"publish","type":"post","link":"https:\/\/blogs.correiobraziliense.com.br\/servidor\/bolsa-familia-mantera-gasto-anual-de-r-265-bi-em-2021-aponta-ifi\/","title":{"rendered":"Bolsa Fam\u00edlia manter\u00e1 gasto anual de R$ 26,5 bi, em 2021, aponta IFI"},"content":{"rendered":"<p><em><strong>Mas o valor quase dobra em 2022, para R$ 48,7 bilh\u00f5es. O Relat\u00f3rio de Acompanhamento Fiscal (RAF), da Institui\u00e7\u00e3o Fiscal Independente ( IFI, que ser\u00e1 divulgado a partir das 15h), aponta que o novo Programa Bolsa Fam\u00edlia &#8211; que o presidente Jair Bolsonaro anunciou que ser\u00e1 elevado para R$ 300 mensais &#8211; ser\u00e1 compensado pelo aux\u00edlio emergencial e os gastos e se manter\u00e3o, esse ano, em R$ 26,5 bilh\u00f5es<\/strong><\/em><\/p>\n<p><img loading=\"lazy\" decoding=\"async\" class=\"alignright size-full wp-image-19275\" src=\"https:\/\/blogs.correiobraziliense.com.br\/servidor\/wp-content\/uploads\/sites\/10\/2021\/04\/DINHEIRO-AMASSADO.jpg\" alt=\"\" width=\"1023\" height=\"685\" srcset=\"https:\/\/blogs.correiobraziliense.com.br\/servidor\/wp-content\/uploads\/sites\/10\/2021\/04\/DINHEIRO-AMASSADO.jpg 1023w, https:\/\/blogs.correiobraziliense.com.br\/servidor\/wp-content\/uploads\/sites\/10\/2021\/04\/DINHEIRO-AMASSADO-300x201.jpg 300w, https:\/\/blogs.correiobraziliense.com.br\/servidor\/wp-content\/uploads\/sites\/10\/2021\/04\/DINHEIRO-AMASSADO-768x514.jpg 768w, https:\/\/blogs.correiobraziliense.com.br\/servidor\/wp-content\/uploads\/sites\/10\/2021\/04\/DINHEIRO-AMASSADO-800x536.jpg 800w, https:\/\/blogs.correiobraziliense.com.br\/servidor\/wp-content\/uploads\/sites\/10\/2021\/04\/DINHEIRO-AMASSADO-550x368.jpg 550w, https:\/\/blogs.correiobraziliense.com.br\/servidor\/wp-content\/uploads\/sites\/10\/2021\/04\/DINHEIRO-AMASSADO-230x154.jpg 230w\" sizes=\"auto, (max-width: 1023px) 100vw, 1023px\" \/><\/p>\n<p>De acordo com o relat\u00f3rio, o Programa Bolsa Fam\u00edlia \u00e9 afetado pelos pagamentos do Aux\u00edlio Emergencial em 2021 e dever\u00e1 aumentar com\u00a0medidas sinalizadas pelo governo. &#8220;H\u00e1 discuss\u00f5es importantes provocadas pelo governo a respeito de eventuais\u00a0mudan\u00e7as no Programa Bolsa Fam\u00edlia (PBF). Por hip\u00f3tese, o cen\u00e1rio base passa a contemplar um reajuste ao redor de\u00a030% no benef\u00edcio m\u00e9dio mensal do programa, com aumento de 10% na quantidade de transfer\u00eancias emitidas&#8221;, diz o documento.<\/p>\n<p>&#8220;Para\u00a02021, dadas a prorroga\u00e7\u00e3o do Aux\u00edlio Emergencial e a contabiliza\u00e7\u00e3o do Bolsa Fam\u00edlia na rubrica or\u00e7ament\u00e1ria do AE, a\u00a0despesa anual n\u00e3o se movimentou em rela\u00e7\u00e3o ao RAF de maio. O efeito do remodelamento \u00e9 compensado pela\u00a0prorroga\u00e7\u00e3o do aux\u00edlio e o gasto continua previsto em R$ 26,5 bilh\u00f5es. Para 2022, o valor do PBF passar\u00e1 a R$ 48,7 bilh\u00f5es\u00a0e, da\u00ed em diante, \u00e9 projetado com base na infla\u00e7\u00e3o&#8221;.<\/p>\n<p>O relat\u00f3rio destaca, ainda, que o\u00a0Aux\u00edlio Emergencial deve custar R$ 54 bilh\u00f5es em 2021. No cen\u00e1rio base para 2021, est\u00e3o previstas\u00a0mudan\u00e7as do lado das despesas do governo central. O ministro da Economia, Paulo Guedes, j\u00e1 deu declara\u00e7\u00f5es de que o Aux\u00edlio\u00a0Emergencial atual (cuja m\u00e9dia mensal entre abril e maio est\u00e1 em R$ 8,9 bilh\u00f5es) ser\u00e1 renovado por 2 a 3 meses.<\/p>\n<p>&#8220;Como\u00a0ainda n\u00e3o h\u00e1 uma decis\u00e3o a esse respeito, incorporamos aos gastos previstos para o ano o equivalente a duas parcelas\u00a0adicionais. Isso elevou a despesa com o programa para R$ 54 bilh\u00f5es. At\u00e9 maio, a IFI considerava um gasto de R$ 44,8\u00a0bilh\u00f5es. Contudo, as quatro parcelas j\u00e1 aprovadas devem corresponder a um gasto de R$ 36 bilh\u00f5es. Agregadas a elas\u00a0duas transfer\u00eancias adicionais, com base no valor m\u00e9dio observado at\u00e9 aqui, tem-se o gasto considerado a partir desta\u00a0revis\u00e3o de cen\u00e1rios, da ordem de R$ 54 bilh\u00f5es&#8221;.<\/p>\n","protected":false},"excerpt":{"rendered":"<p>Mas o valor quase dobra em 2022, para R$ 48,7 bilh\u00f5es. O Relat\u00f3rio de Acompanhamento Fiscal (RAF), da Institui\u00e7\u00e3o Fiscal Independente ( IFI, que ser\u00e1 divulgado a partir das 15h), aponta que o novo Programa Bolsa Fam\u00edlia &#8211; que o presidente Jair Bolsonaro anunciou que ser\u00e1 elevado para R$ 300 mensais &#8211; ser\u00e1 compensado pelo aux\u00edlio emergencial e os gastos [&hellip;]<\/p>\n","protected":false},"author":27,"featured_media":0,"comment_status":"open","ping_status":"closed","sticky":false,"template":"","format":"standard","meta":{"footnotes":""},"categories":[2719],"tags":[17262,709,1169,13649,14327,818],"class_list":["post-19799","post","type-post","status-publish","format-standard","hentry","category-servidor","tag-auxilio-emergencial","tag-bolsa-familia","tag-gastos","tag-jair-bolsonaro","tag-ministerio-da-economia","tag-prorrogacao"],"_links":{"self":[{"href":"https:\/\/blogs.correiobraziliense.com.br\/servidor\/wp-json\/wp\/v2\/posts\/19799","targetHints":{"allow":["GET"]}}],"collection":[{"href":"https:\/\/blogs.correiobraziliense.com.br\/servidor\/wp-json\/wp\/v2\/posts"}],"about":[{"href":"https:\/\/blogs.correiobraziliense.com.br\/servidor\/wp-json\/wp\/v2\/types\/post"}],"author":[{"embeddable":true,"href":"https:\/\/blogs.correiobraziliense.com.br\/servidor\/wp-json\/wp\/v2\/users\/27"}],"replies":[{"embeddable":true,"href":"https:\/\/blogs.correiobraziliense.com.br\/servidor\/wp-json\/wp\/v2\/comments?post=19799"}],"version-history":[{"count":3,"href":"https:\/\/blogs.correiobraziliense.com.br\/servidor\/wp-json\/wp\/v2\/posts\/19799\/revisions"}],"predecessor-version":[{"id":19802,"href":"https:\/\/blogs.correiobraziliense.com.br\/servidor\/wp-json\/wp\/v2\/posts\/19799\/revisions\/19802"}],"wp:attachment":[{"href":"https:\/\/blogs.correiobraziliense.com.br\/servidor\/wp-json\/wp\/v2\/media?parent=19799"}],"wp:term":[{"taxonomy":"category","embeddable":true,"href":"https:\/\/blogs.correiobraziliense.com.br\/servidor\/wp-json\/wp\/v2\/categories?post=19799"},{"taxonomy":"post_tag","embeddable":true,"href":"https:\/\/blogs.correiobraziliense.com.br\/servidor\/wp-json\/wp\/v2\/tags?post=19799"}],"curies":[{"name":"wp","href":"https:\/\/api.w.org\/{rel}","templated":true}]}}