{"id":19790,"date":"2021-06-16T10:45:54","date_gmt":"2021-06-16T13:45:54","guid":{"rendered":"https:\/\/blogs.correiobraziliense.com.br\/servidor\/?p=19790"},"modified":"2021-06-16T10:45:54","modified_gmt":"2021-06-16T13:45:54","slug":"pl-da-improbidade-administrativa-representa-retrocesso-no-combate-a-corrupcao","status":"publish","type":"post","link":"https:\/\/blogs.correiobraziliense.com.br\/servidor\/pl-da-improbidade-administrativa-representa-retrocesso-no-combate-a-corrupcao\/","title":{"rendered":"PL da improbidade administrativa representa retrocesso no combate \u00e0 corrup\u00e7\u00e3o"},"content":{"rendered":"<p><em><strong>Caso o texto seja aprovado como est\u00e1, a Uni\u00e3o, os estados e os munic\u00edpios ficar\u00e3o dependentes da atua\u00e7\u00e3o do Minist\u00e9rio P\u00fablico, representando uma redu\u00e7\u00e3o da a\u00e7\u00e3o dos \u00f3rg\u00e3os de combate aos atos de improbidade, como \u00e9 o caso da advocacia p\u00fablica, destaca a entidade<\/strong><\/em><\/p>\n<p>Na nota, a Anape destaca que a\u00a0advocacia p\u00fablica tem a fun\u00e7\u00e3o de defender os interesses do Estado e, consequentemente, os interesses da sociedade. &#8220;Retirar a compet\u00eancia da advocacia p\u00fablica de ingressar com a\u00e7\u00f5es de improbidade \u00e9 retirar do Estado parte essencial desta fun\u00e7\u00e3o conferida pela Constitui\u00e7\u00e3o Federal, de defesa do cidad\u00e3o&#8221;.<\/p>\n<p>Veja a nota:<\/p>\n<p>&#8220;A Associa\u00e7\u00e3o Nacional dos Procuradores dos Estados e do DF (Anape) avalia que o relat\u00f3rio de reformula\u00e7\u00e3o da Lei de improbidade administrativa, apresentado nesta ter\u00e7a-feira (15\/06), pelo deputado Carlos Zarattini (PT-SP), representa um grande retrocesso para a sociedade. Com requerimento de urg\u00eancia aprovado, o PL 10887\/2018 deve ser votado nesta quarta-feira (16\/06), na C\u00e2mara dos Deputados.<\/p>\n<p>O item que trata da exclusividade dada ao Minist\u00e9rio P\u00fablico para propor a\u00e7\u00f5es de improbidade administrativa foi mantido no relat\u00f3rio. O projeto retira da v\u00edtima o direito de buscar a repara\u00e7\u00e3o do dano e a puni\u00e7\u00e3o dos atos \u00edmprobos. Caso o texto seja aprovado como est\u00e1, a Uni\u00e3o, os estados e os munic\u00edpios ficar\u00e3o dependentes da atua\u00e7\u00e3o do Minist\u00e9rio P\u00fablico, representando uma redu\u00e7\u00e3o da a\u00e7\u00e3o dos \u00f3rg\u00e3os de combate aos atos de improbidade, como \u00e9 o caso da advocacia p\u00fablica.<\/p>\n<p>A advocacia p\u00fablica tem a fun\u00e7\u00e3o de defender os interesses do Estado e, consequentemente, os interesses da sociedade. Retirar a compet\u00eancia da Advocacia P\u00fablica de ingressar com a\u00e7\u00f5es de improbidade \u00e9 retirar do Estado parte essencial desta fun\u00e7\u00e3o conferida pela Constitui\u00e7\u00e3o Federal, de defesa do cidad\u00e3o.<\/p>\n<p>No relat\u00f3rio tamb\u00e9m foi retirada a necessidade de participa\u00e7\u00e3o da advocacia p\u00fablica nos acordos firmados pelo Minist\u00e9rio P\u00fablico. Trata-se de erro grav\u00edssimo, uma vez que o ente p\u00fablico, como v\u00edtima do crime praticado, \u00e9 quem pode mensurar os preju\u00edzos causados e deve ter condi\u00e7\u00f5es de participar diretamente das negocia\u00e7\u00f5es em torno dos acordos firmados pelo MP.&#8221;<\/p>\n","protected":false},"excerpt":{"rendered":"<p>Caso o texto seja aprovado como est\u00e1, a Uni\u00e3o, os estados e os munic\u00edpios ficar\u00e3o dependentes da atua\u00e7\u00e3o do Minist\u00e9rio P\u00fablico, representando uma redu\u00e7\u00e3o da a\u00e7\u00e3o dos \u00f3rg\u00e3os de combate aos atos de improbidade, como \u00e9 o caso da advocacia p\u00fablica, destaca a entidade Na nota, a Anape destaca que a\u00a0advocacia p\u00fablica tem a fun\u00e7\u00e3o de defender os interesses do [&hellip;]<\/p>\n","protected":false},"author":27,"featured_media":0,"comment_status":"open","ping_status":"closed","sticky":false,"template":"","format":"standard","meta":{"footnotes":""},"categories":[2719],"tags":[18859,205,56,10326,1031,18980,1235,351,330],"class_list":["post-19790","post","type-post","status-publish","format-standard","hentry","category-servidor","tag-advocacia-publica","tag-corrupcao","tag-estado","tag-improbidade-administrativa","tag-pl","tag-pl-10-887-2018","tag-procuradores","tag-sociedade","tag-uniao"],"_links":{"self":[{"href":"https:\/\/blogs.correiobraziliense.com.br\/servidor\/wp-json\/wp\/v2\/posts\/19790","targetHints":{"allow":["GET"]}}],"collection":[{"href":"https:\/\/blogs.correiobraziliense.com.br\/servidor\/wp-json\/wp\/v2\/posts"}],"about":[{"href":"https:\/\/blogs.correiobraziliense.com.br\/servidor\/wp-json\/wp\/v2\/types\/post"}],"author":[{"embeddable":true,"href":"https:\/\/blogs.correiobraziliense.com.br\/servidor\/wp-json\/wp\/v2\/users\/27"}],"replies":[{"embeddable":true,"href":"https:\/\/blogs.correiobraziliense.com.br\/servidor\/wp-json\/wp\/v2\/comments?post=19790"}],"version-history":[{"count":1,"href":"https:\/\/blogs.correiobraziliense.com.br\/servidor\/wp-json\/wp\/v2\/posts\/19790\/revisions"}],"predecessor-version":[{"id":19791,"href":"https:\/\/blogs.correiobraziliense.com.br\/servidor\/wp-json\/wp\/v2\/posts\/19790\/revisions\/19791"}],"wp:attachment":[{"href":"https:\/\/blogs.correiobraziliense.com.br\/servidor\/wp-json\/wp\/v2\/media?parent=19790"}],"wp:term":[{"taxonomy":"category","embeddable":true,"href":"https:\/\/blogs.correiobraziliense.com.br\/servidor\/wp-json\/wp\/v2\/categories?post=19790"},{"taxonomy":"post_tag","embeddable":true,"href":"https:\/\/blogs.correiobraziliense.com.br\/servidor\/wp-json\/wp\/v2\/tags?post=19790"}],"curies":[{"name":"wp","href":"https:\/\/api.w.org\/{rel}","templated":true}]}}