{"id":19775,"date":"2021-06-11T18:09:43","date_gmt":"2021-06-11T21:09:43","guid":{"rendered":"https:\/\/blogs.correiobraziliense.com.br\/servidor\/?p=19775"},"modified":"2021-06-11T18:10:34","modified_gmt":"2021-06-11T21:10:34","slug":"revisao-de-aposentadorias-do-inss-esta-empatada-no-stf","status":"publish","type":"post","link":"https:\/\/blogs.correiobraziliense.com.br\/servidor\/revisao-de-aposentadorias-do-inss-esta-empatada-no-stf\/","title":{"rendered":"Revis\u00e3o de aposentadorias do INSS est\u00e1 empatada no STF"},"content":{"rendered":"<p><em><strong>O voto do ministro Ricardo Lewandowski empatou o placar da revis\u00e3o para a vida toda que tem o objetivo de corrigir as aposentadorias do Instituto Nacional do Seguro Social (INSS), considerando o c\u00e1lculo de\u00a080% das maiores contribui\u00e7\u00f5es dos segurados antes de junho 1994, e incluindo tamb\u00e9m os pagamentos em outras moedas, antes do Plano Real.<\/strong><\/em><\/p>\n<figure id=\"attachment_18790\" aria-describedby=\"caption-attachment-18790\" style=\"width: 1024px\" class=\"wp-caption alignright\"><img loading=\"lazy\" decoding=\"async\" class=\"size-large wp-image-18790\" src=\"https:\/\/blogs.correiobraziliense.com.br\/servidor\/wp-content\/uploads\/sites\/10\/2021\/01\/PREVID\u00caNCIA-1024x613.jpg\" alt=\"\" width=\"1024\" height=\"613\" srcset=\"https:\/\/blogs.correiobraziliense.com.br\/servidor\/wp-content\/uploads\/sites\/10\/2021\/01\/PREVID\u00caNCIA-1024x613.jpg 1024w, https:\/\/blogs.correiobraziliense.com.br\/servidor\/wp-content\/uploads\/sites\/10\/2021\/01\/PREVID\u00caNCIA-300x179.jpg 300w, https:\/\/blogs.correiobraziliense.com.br\/servidor\/wp-content\/uploads\/sites\/10\/2021\/01\/PREVID\u00caNCIA-768x459.jpg 768w, https:\/\/blogs.correiobraziliense.com.br\/servidor\/wp-content\/uploads\/sites\/10\/2021\/01\/PREVID\u00caNCIA-800x479.jpg 800w, https:\/\/blogs.correiobraziliense.com.br\/servidor\/wp-content\/uploads\/sites\/10\/2021\/01\/PREVID\u00caNCIA-550x329.jpg 550w, https:\/\/blogs.correiobraziliense.com.br\/servidor\/wp-content\/uploads\/sites\/10\/2021\/01\/PREVID\u00caNCIA-230x138.jpg 230w, https:\/\/blogs.correiobraziliense.com.br\/servidor\/wp-content\/uploads\/sites\/10\/2021\/01\/PREVID\u00caNCIA.jpg 1170w\" sizes=\"auto, (max-width: 1024px) 100vw, 1024px\" \/><figcaption id=\"caption-attachment-18790\" class=\"wp-caption-text\">Instituto Nacional do Seguro Social (INSS)<\/figcaption><\/figure>\n<p>O \u00faltimo a votar e poder\u00e1 dar o desempate ser\u00e1 o ministro Alexandre de Moraes, que pediu vista para refletir melhor. A sess\u00e3o retornar\u00e1 na pr\u00f3xima quinta-feira (17). Mesmo que aprovado,\u00a0o pedido de revis\u00e3o n\u00e3o estar\u00e1 dispon\u00edvel imediatamente para todas as pessoas. O processo, caso seja determinado pelo STF, poder\u00e1 ser feito de forma autom\u00e1tica como a \u00faltima revis\u00e3o da previd\u00eancia social, ou somente por meio de requerimento jur\u00eddico junto ao INSS, a depender do entendimento do STF.<\/p>\n","protected":false},"excerpt":{"rendered":"<p>O voto do ministro Ricardo Lewandowski empatou o placar da revis\u00e3o para a vida toda que tem o objetivo de corrigir as aposentadorias do Instituto Nacional do Seguro Social (INSS), considerando o c\u00e1lculo de\u00a080% das maiores contribui\u00e7\u00f5es dos segurados antes de junho 1994, e incluindo tamb\u00e9m os pagamentos em outras moedas, antes do Plano Real. O \u00faltimo a votar e [&hellip;]<\/p>\n","protected":false},"author":27,"featured_media":0,"comment_status":"open","ping_status":"closed","sticky":false,"template":"","format":"standard","meta":{"footnotes":""},"categories":[2719],"tags":[2055,18974,11,2135,34,1498],"class_list":["post-19775","post","type-post","status-publish","format-standard","hentry","category-servidor","tag-aposentadorias","tag-empatada","tag-inss","tag-revisao","tag-stf","tag-votacao"],"_links":{"self":[{"href":"https:\/\/blogs.correiobraziliense.com.br\/servidor\/wp-json\/wp\/v2\/posts\/19775","targetHints":{"allow":["GET"]}}],"collection":[{"href":"https:\/\/blogs.correiobraziliense.com.br\/servidor\/wp-json\/wp\/v2\/posts"}],"about":[{"href":"https:\/\/blogs.correiobraziliense.com.br\/servidor\/wp-json\/wp\/v2\/types\/post"}],"author":[{"embeddable":true,"href":"https:\/\/blogs.correiobraziliense.com.br\/servidor\/wp-json\/wp\/v2\/users\/27"}],"replies":[{"embeddable":true,"href":"https:\/\/blogs.correiobraziliense.com.br\/servidor\/wp-json\/wp\/v2\/comments?post=19775"}],"version-history":[{"count":3,"href":"https:\/\/blogs.correiobraziliense.com.br\/servidor\/wp-json\/wp\/v2\/posts\/19775\/revisions"}],"predecessor-version":[{"id":19778,"href":"https:\/\/blogs.correiobraziliense.com.br\/servidor\/wp-json\/wp\/v2\/posts\/19775\/revisions\/19778"}],"wp:attachment":[{"href":"https:\/\/blogs.correiobraziliense.com.br\/servidor\/wp-json\/wp\/v2\/media?parent=19775"}],"wp:term":[{"taxonomy":"category","embeddable":true,"href":"https:\/\/blogs.correiobraziliense.com.br\/servidor\/wp-json\/wp\/v2\/categories?post=19775"},{"taxonomy":"post_tag","embeddable":true,"href":"https:\/\/blogs.correiobraziliense.com.br\/servidor\/wp-json\/wp\/v2\/tags?post=19775"}],"curies":[{"name":"wp","href":"https:\/\/api.w.org\/{rel}","templated":true}]}}