{"id":19772,"date":"2021-06-11T17:03:41","date_gmt":"2021-06-11T20:03:41","guid":{"rendered":"https:\/\/blogs.correiobraziliense.com.br\/servidor\/?p=19772"},"modified":"2021-06-11T17:03:41","modified_gmt":"2021-06-11T20:03:41","slug":"taxigov-chega-a-marca-de-r-30-milhoes-em-economia-de-recursos-publicos","status":"publish","type":"post","link":"https:\/\/blogs.correiobraziliense.com.br\/servidor\/taxigov-chega-a-marca-de-r-30-milhoes-em-economia-de-recursos-publicos\/","title":{"rendered":"T\u00e1xiGov chega \u00e0 marca de R$ 30 milh\u00f5es em economia de recursos p\u00fablicos"},"content":{"rendered":"<p><em><strong>A expectativa \u00e9 de que, at\u00e9 o fim de 2021, a economia chegue a R$ 33 milh\u00f5es. Pelos dados do Minist\u00e9rio da Economia, j\u00e1 s\u00e3o 194 \u00f3rg\u00e3os e entidades que usam o modelo de transporte administrativo. A queda nos custos \u00e9 de 64,6%, desde 2017, com compra de ve\u00edculos, contrata\u00e7\u00e3o de motoristas e de todos os servi\u00e7os de manuten\u00e7\u00e3o. Efici\u00eancia e qualidade do servi\u00e7o s\u00e3o destaques em pesquisa de satisfa\u00e7\u00e3o com usu\u00e1rios<\/strong><\/em><\/p>\n<p><img loading=\"lazy\" decoding=\"async\" class=\"alignright size-full wp-image-19773\" src=\"https:\/\/blogs.correiobraziliense.com.br\/servidor\/wp-content\/uploads\/sites\/10\/2021\/06\/taxigov.jpg\" alt=\"\" width=\"292\" height=\"218\" \/><\/p>\n<p>Presente em 194 \u00f3rg\u00e3os e entidades da administra\u00e7\u00e3o p\u00fablica da Uni\u00e3o, dos estados e munic\u00edpios, o T\u00e1xiGov chegou, no m\u00eas de junho, a uma economia acumulada de R$ 30 milh\u00f5es em gastos de custeio, desde sua cria\u00e7\u00e3o, em 2017, destaca o minist\u00e9rio. O valor equivale a uma queda 64,6% do custo em rela\u00e7\u00e3o aos modelos adotados anteriormente e de redu\u00e7\u00e3o do tempo de atendimento em 22%. Al\u00e9m disso, foram substitu\u00eddos 235 contratos relacionados a transporte administrativo por um servi\u00e7o compartilhado e gerido de forma centralizada.<\/p>\n<p>\u201cS\u00e3o resultados expressivos para a administra\u00e7\u00e3o p\u00fablica. Com o uso da tecnologia, melhoramos a oferta de servi\u00e7os de transporte administrativo ao servidor e alcan\u00e7amos economia, efici\u00eancia e transpar\u00eancia de gastos p\u00fablicos\u201d, afirma o secret\u00e1rio especial de Desburocratiza\u00e7\u00e3o, Gest\u00e3o e Governo Digital do Minist\u00e9rio da Economia (ME), Caio Mario Paes de Andrade.\u00a0\u201cA expectativa \u00e9 que at\u00e9 o fim de 2021 a economia chegue a R$ 33 milh\u00f5es\u201d, complementa.<\/p>\n<p>A efici\u00eancia do T\u00e1xiGov e a qualidade do servi\u00e7o foram destaques em pesquisas de satisfa\u00e7\u00e3o realizadas em abril de 2021 com usu\u00e1rios do Distrito Federal, S\u00e3o Paulo e Rio de Janeiro. Nos tr\u00eas estados, mais de 80% dos usu\u00e1rios consideram o T\u00e1xiGov bom ou muito bom em rela\u00e7\u00e3o aos modelos de transporte anteriores e avaliaram positivamente a qualidade dos carros e o atendimento dos motoristas, pontuando o n\u00edvel de satisfa\u00e7\u00e3o geral acima de 8,75, numa escala de 0 a 10.<\/p>\n<p>Antes do T\u00e1xiGov, o transporte administrativo era baseado na compra de ve\u00edculos, contrata\u00e7\u00e3o de motoristas e de todos os servi\u00e7os de manuten\u00e7\u00e3o associados. Com o uso da tecnologia, o servi\u00e7o trouxe mais seguran\u00e7a e agilidade para o usu\u00e1rio. \u201cA digitaliza\u00e7\u00e3o garantiu transpar\u00eancia total sobre o servi\u00e7o de transporte e sobre o gasto p\u00fablico, propiciando otimiza\u00e7\u00e3o de processos e redu\u00e7\u00e3o de usos indevidos\u201d, explica o secret\u00e1rio de Gest\u00e3o da Secretaria Especial de Desburocratiza\u00e7\u00e3o, Gest\u00e3o e Governo Digital do ME, Cristiano Heckert.<\/p>\n","protected":false},"excerpt":{"rendered":"<p>A expectativa \u00e9 de que, at\u00e9 o fim de 2021, a economia chegue a R$ 33 milh\u00f5es. Pelos dados do Minist\u00e9rio da Economia, j\u00e1 s\u00e3o 194 \u00f3rg\u00e3os e entidades que usam o modelo de transporte administrativo. A queda nos custos \u00e9 de 64,6%, desde 2017, com compra de ve\u00edculos, contrata\u00e7\u00e3o de motoristas e de todos os servi\u00e7os de manuten\u00e7\u00e3o. Efici\u00eancia [&hellip;]<\/p>\n","protected":false},"author":27,"featured_media":0,"comment_status":"open","ping_status":"closed","sticky":false,"template":"","format":"standard","meta":{"footnotes":""},"categories":[2719],"tags":[7016,551,172,88,943,1778,14327,6234,944,216,187,13882,1379,58,7821,4504,168,3714,330,838],"class_list":["post-19772","post","type-post","status-publish","format-standard","hentry","category-servidor","tag-administrativo","tag-atendimento","tag-contratacao","tag-economia","tag-estados","tag-manutencao","tag-ministerio-da-economia","tag-motoristas","tag-municipios","tag-oferta","tag-pesquisa","tag-recursos-publicos","tag-servicos","tag-servidores","tag-taxigov","tag-tecnologia","tag-transparencia","tag-transporte","tag-uniao","tag-veiculos"],"_links":{"self":[{"href":"https:\/\/blogs.correiobraziliense.com.br\/servidor\/wp-json\/wp\/v2\/posts\/19772","targetHints":{"allow":["GET"]}}],"collection":[{"href":"https:\/\/blogs.correiobraziliense.com.br\/servidor\/wp-json\/wp\/v2\/posts"}],"about":[{"href":"https:\/\/blogs.correiobraziliense.com.br\/servidor\/wp-json\/wp\/v2\/types\/post"}],"author":[{"embeddable":true,"href":"https:\/\/blogs.correiobraziliense.com.br\/servidor\/wp-json\/wp\/v2\/users\/27"}],"replies":[{"embeddable":true,"href":"https:\/\/blogs.correiobraziliense.com.br\/servidor\/wp-json\/wp\/v2\/comments?post=19772"}],"version-history":[{"count":1,"href":"https:\/\/blogs.correiobraziliense.com.br\/servidor\/wp-json\/wp\/v2\/posts\/19772\/revisions"}],"predecessor-version":[{"id":19774,"href":"https:\/\/blogs.correiobraziliense.com.br\/servidor\/wp-json\/wp\/v2\/posts\/19772\/revisions\/19774"}],"wp:attachment":[{"href":"https:\/\/blogs.correiobraziliense.com.br\/servidor\/wp-json\/wp\/v2\/media?parent=19772"}],"wp:term":[{"taxonomy":"category","embeddable":true,"href":"https:\/\/blogs.correiobraziliense.com.br\/servidor\/wp-json\/wp\/v2\/categories?post=19772"},{"taxonomy":"post_tag","embeddable":true,"href":"https:\/\/blogs.correiobraziliense.com.br\/servidor\/wp-json\/wp\/v2\/tags?post=19772"}],"curies":[{"name":"wp","href":"https:\/\/api.w.org\/{rel}","templated":true}]}}