{"id":19765,"date":"2021-06-11T15:02:30","date_gmt":"2021-06-11T18:02:30","guid":{"rendered":"https:\/\/blogs.correiobraziliense.com.br\/servidor\/?p=19765"},"modified":"2021-06-11T15:02:30","modified_gmt":"2021-06-11T18:02:30","slug":"governo-federal-acabara-com-a-cobranca-de-taxa-de-laudemio-para-terrenos-de-marinha-e-interiores","status":"publish","type":"post","link":"https:\/\/blogs.correiobraziliense.com.br\/servidor\/governo-federal-acabara-com-a-cobranca-de-taxa-de-laudemio-para-terrenos-de-marinha-e-interiores\/","title":{"rendered":"Governo federal acabar\u00e1 com a cobran\u00e7a de taxa de laud\u00eamio para terrenos de marinha e interiores"},"content":{"rendered":"<p><em><strong>Medida ter\u00e1 impacto em cerca de 600 mil im\u00f3veis em todo o pa\u00eds.\u00a0A a\u00e7\u00e3o integra o Programa SPU+, com o objetivo &#8220;ativar a economia por meio da contabiliza\u00e7\u00e3o de R$ 110 bilh\u00f5es em im\u00f3veis da Uni\u00e3o at\u00e9 2022&#8221;, assinala o governo. O projeto da remi\u00e7\u00e3o de foro ser\u00e1 iniciado no Rio de Janeiro, nos bairros de Copacabana e Leme<\/strong><\/em><\/p>\n<h5 style=\"text-align: right\"><em><strong>Foto: Blog Grupo ZAP<\/strong><\/em><\/h5>\n<p><img loading=\"lazy\" decoding=\"async\" class=\"alignright size-full wp-image-19766\" src=\"https:\/\/blogs.correiobraziliense.com.br\/servidor\/wp-content\/uploads\/sites\/10\/2021\/06\/LAUD\u00caMIO-GOVERNO.jpg\" alt=\"\" width=\"780\" height=\"519\" \/><\/p>\n<p>&nbsp;<\/p>\n<p>&nbsp;<\/p>\n<p>O Minist\u00e9rio da Economia informa que propriet\u00e1rios de terrenos de marinha e interiores e ocupantes regulares de im\u00f3veis da Uni\u00e3o que adquirirem o dom\u00ednio pleno de suas propriedades ficar\u00e3o livres da cobran\u00e7a de taxa de laud\u00eamio e outras taxas patrimoniais.<\/p>\n<p>A medida, anunciada ontem, quinta-feira (10\/6), pelo presidente da Rep\u00fablica, Jair Bolsonaro, vai impactar cerca de 600 mil im\u00f3veis inscritos em regime de aforamento e ocupa\u00e7\u00e3o em todo o pa\u00eds. A a\u00e7\u00e3o integra o Programa SPU+, com o objetivo &#8220;ativar a economia por meio da contabiliza\u00e7\u00e3o de R$ 110 bilh\u00f5es em im\u00f3veis da Uni\u00e3o at\u00e9 2022&#8221;, assinala o governo.<\/p>\n<p>Para isso, a Secretaria de Coordena\u00e7\u00e3o e Governan\u00e7a do Patrim\u00f4nio da Uni\u00e3o do Minist\u00e9rio da Economia (SPU\/ME) vai lan\u00e7ar a remi\u00e7\u00e3o de foro digital em julho deste ano e regulamentar a Proposta de Manifesta\u00e7\u00e3o de Aquisi\u00e7\u00e3o (PMA) at\u00e9 outubro de 2021.<\/p>\n<p>A remi\u00e7\u00e3o de foro digital ser\u00e1 por meio do aplicativo SPUApp e possibilitar\u00e1 o dom\u00ednio pleno de mais de 300 mil im\u00f3veis em terrenos de marinha e interiores. &#8220;Com isso, o ocupante, que \u00e9 detentor de apenas 83% do im\u00f3vel, comprar\u00e1 da Uni\u00e3o os 17% restantes, com desconto de 25% para pagamento \u00e0 vista&#8221;, segundo o \u00f3rg\u00e3o.<\/p>\n<p>Ao optar por aderir \u00e0 remi\u00e7\u00e3o, o propriet\u00e1rio estar\u00e1 livre do pagamento das taxas de laud\u00eamio \u2013 equivalente a 5% do im\u00f3vel e que deve ser quitada por ocasi\u00e3o da transfer\u00eancia da propriedade \u2013 e do foro anual \u2013 taxa cobrada pela utiliza\u00e7\u00e3o das \u00e1reas. &#8220;O ato corrigir\u00e1 problema hist\u00f3rico atrelado ao instituto do terreno de marinha, datado de 1831&#8221;, destaca a nota do Minist\u00e9rio da Economia.<\/p>\n<p>\u201cEsse projeto da remi\u00e7\u00e3o de foro ser\u00e1 iniciado no Rio de Janeiro, nos bairros de Copacabana e Leme. A cidade do Rio foi escolhida por fatores hist\u00f3ricos, sociais, econ\u00f4micos, tur\u00edsticos e culturais. Em todo o Brasil, mais de um milh\u00e3o de pessoas devem ser beneficiadas\u201d, afirma o secret\u00e1rio de Coordena\u00e7\u00e3o e Governan\u00e7a do Patrim\u00f4nio da Uni\u00e3o, Mauro Filho.<\/p>\n<p>Al\u00e9m da remi\u00e7\u00e3o, os ocupantes regulares de im\u00f3veis, que atualmente pagam taxa anual pela utiliza\u00e7\u00e3o do espa\u00e7o, tamb\u00e9m poder\u00e3o adquirir a propriedade. Neste caso, o terreno \u00e9 100% da Uni\u00e3o e os ocupantes poder\u00e3o manifestar seu interesse na compra do terreno por meio da Proposta de Manifesta\u00e7\u00e3o de Aquisi\u00e7\u00e3o (PMA). A medida ser\u00e1 regulamentada pela SPU e impactar\u00e1 cerca de 300 mil ativos em todo o pa\u00eds.<\/p>\n","protected":false},"excerpt":{"rendered":"<p>Medida ter\u00e1 impacto em cerca de 600 mil im\u00f3veis em todo o pa\u00eds.\u00a0A a\u00e7\u00e3o integra o Programa SPU+, com o objetivo &#8220;ativar a economia por meio da contabiliza\u00e7\u00e3o de R$ 110 bilh\u00f5es em im\u00f3veis da Uni\u00e3o at\u00e9 2022&#8221;, assinala o governo. O projeto da remi\u00e7\u00e3o de foro ser\u00e1 iniciado no Rio de Janeiro, nos bairros de Copacabana e Leme Foto: [&hellip;]<\/p>\n","protected":false},"author":27,"featured_media":0,"comment_status":"open","ping_status":"closed","sticky":false,"template":"","format":"standard","meta":{"footnotes":""},"categories":[2719],"tags":[],"class_list":["post-19765","post","type-post","status-publish","format-standard","hentry","category-servidor"],"_links":{"self":[{"href":"https:\/\/blogs.correiobraziliense.com.br\/servidor\/wp-json\/wp\/v2\/posts\/19765","targetHints":{"allow":["GET"]}}],"collection":[{"href":"https:\/\/blogs.correiobraziliense.com.br\/servidor\/wp-json\/wp\/v2\/posts"}],"about":[{"href":"https:\/\/blogs.correiobraziliense.com.br\/servidor\/wp-json\/wp\/v2\/types\/post"}],"author":[{"embeddable":true,"href":"https:\/\/blogs.correiobraziliense.com.br\/servidor\/wp-json\/wp\/v2\/users\/27"}],"replies":[{"embeddable":true,"href":"https:\/\/blogs.correiobraziliense.com.br\/servidor\/wp-json\/wp\/v2\/comments?post=19765"}],"version-history":[{"count":1,"href":"https:\/\/blogs.correiobraziliense.com.br\/servidor\/wp-json\/wp\/v2\/posts\/19765\/revisions"}],"predecessor-version":[{"id":19767,"href":"https:\/\/blogs.correiobraziliense.com.br\/servidor\/wp-json\/wp\/v2\/posts\/19765\/revisions\/19767"}],"wp:attachment":[{"href":"https:\/\/blogs.correiobraziliense.com.br\/servidor\/wp-json\/wp\/v2\/media?parent=19765"}],"wp:term":[{"taxonomy":"category","embeddable":true,"href":"https:\/\/blogs.correiobraziliense.com.br\/servidor\/wp-json\/wp\/v2\/categories?post=19765"},{"taxonomy":"post_tag","embeddable":true,"href":"https:\/\/blogs.correiobraziliense.com.br\/servidor\/wp-json\/wp\/v2\/tags?post=19765"}],"curies":[{"name":"wp","href":"https:\/\/api.w.org\/{rel}","templated":true}]}}