{"id":19754,"date":"2021-06-10T22:05:42","date_gmt":"2021-06-11T01:05:42","guid":{"rendered":"https:\/\/blogs.correiobraziliense.com.br\/servidor\/?p=19754"},"modified":"2021-06-10T22:06:14","modified_gmt":"2021-06-11T01:06:14","slug":"tst-prorroga-suspensao-do-prazo-de-validade-do-concurso","status":"publish","type":"post","link":"https:\/\/blogs.correiobraziliense.com.br\/servidor\/tst-prorroga-suspensao-do-prazo-de-validade-do-concurso\/","title":{"rendered":"TST prorroga suspens\u00e3o do prazo de validade do concurso"},"content":{"rendered":"<p><em><strong>O prazo ser\u00e1 retomado a partir de 1\u00ba de janeiro de 2022. O objetivo \u00e9 mitigar os impactos da pandemia.\u00a0O processo selecionou candidatos para\u00a0 cargos de n\u00edvel m\u00e9dio (t\u00e9cnico) e superior (analista) para diversas \u00e1reas como administra\u00e7\u00e3o, contabilidade, suporte em tecnologia da informa\u00e7\u00e3o e taquigrafia.<\/strong><\/em><\/p>\n<p><img loading=\"lazy\" decoding=\"async\" class=\"alignright size-full wp-image-19755\" src=\"https:\/\/blogs.correiobraziliense.com.br\/servidor\/wp-content\/uploads\/sites\/10\/2021\/06\/TST-CONCURSO.jpg\" alt=\"\" width=\"800\" height=\"533\" \/><\/p>\n<p>A presidente do Tribunal Superior do Trabalho (TST) e do Conselho Superior da Justi\u00e7a do Trabalho (CSJT), ministra Maria Cristina Peduzzi, assinou, na quarta-feira (9), ato que prorroga a suspens\u00e3o do prazo de validade do concurso do Tribunal Superior do Trabalho de 2017. O prazo ser\u00e1 retomado a partir de 1\u00ba janeiro de 2022.<\/p>\n<p>&#8220;O ato leva em considera\u00e7\u00e3o a Recomenda\u00e7\u00e3o 96 do Conselho Nacional de Justi\u00e7a (CNJ), que sugere a prorroga\u00e7\u00e3o, at\u00e9 31\/12\/2021, dos concursos p\u00fablicos vigentes, como meio de mitigar o impacto decorrente das medidas de combate \u00e0 pandemia da covid-19. O prazo considera a vig\u00eancia do Decreto Legislativo 6\/2020, que reconhece a ocorr\u00eancia do estado de calamidade p\u00fablica no pa\u00eds&#8221;, informa o tribunal.<\/p>\n<p>A suspens\u00e3o se aplica ao concurso p\u00fablico para cargos efetivos do Quadro de Pessoal do TST, pelo <a href=\"https:\/\/juslaboris.tst.jus.br\/handle\/20.500.12178\/109209\">Edital 1\/2017<\/a>.\u00a0As provas foram aplicadas em 19\/11\/2017, e o resultado final divulgado em 2\/7\/2018.<\/p>\n<p>&nbsp;<\/p>\n","protected":false},"excerpt":{"rendered":"<p>O prazo ser\u00e1 retomado a partir de 1\u00ba de janeiro de 2022. O objetivo \u00e9 mitigar os impactos da pandemia.\u00a0O processo selecionou candidatos para\u00a0 cargos de n\u00edvel m\u00e9dio (t\u00e9cnico) e superior (analista) para diversas \u00e1reas como administra\u00e7\u00e3o, contabilidade, suporte em tecnologia da informa\u00e7\u00e3o e taquigrafia. A presidente do Tribunal Superior do Trabalho (TST) e do Conselho Superior da Justi\u00e7a do [&hellip;]<\/p>\n","protected":false},"author":27,"featured_media":0,"comment_status":"open","ping_status":"closed","sticky":false,"template":"","format":"standard","meta":{"footnotes":""},"categories":[2719],"tags":[93,1174,818,503],"class_list":["post-19754","post","type-post","status-publish","format-standard","hentry","category-servidor","tag-concurso","tag-prazo","tag-prorrogacao","tag-tst"],"_links":{"self":[{"href":"https:\/\/blogs.correiobraziliense.com.br\/servidor\/wp-json\/wp\/v2\/posts\/19754","targetHints":{"allow":["GET"]}}],"collection":[{"href":"https:\/\/blogs.correiobraziliense.com.br\/servidor\/wp-json\/wp\/v2\/posts"}],"about":[{"href":"https:\/\/blogs.correiobraziliense.com.br\/servidor\/wp-json\/wp\/v2\/types\/post"}],"author":[{"embeddable":true,"href":"https:\/\/blogs.correiobraziliense.com.br\/servidor\/wp-json\/wp\/v2\/users\/27"}],"replies":[{"embeddable":true,"href":"https:\/\/blogs.correiobraziliense.com.br\/servidor\/wp-json\/wp\/v2\/comments?post=19754"}],"version-history":[{"count":2,"href":"https:\/\/blogs.correiobraziliense.com.br\/servidor\/wp-json\/wp\/v2\/posts\/19754\/revisions"}],"predecessor-version":[{"id":19757,"href":"https:\/\/blogs.correiobraziliense.com.br\/servidor\/wp-json\/wp\/v2\/posts\/19754\/revisions\/19757"}],"wp:attachment":[{"href":"https:\/\/blogs.correiobraziliense.com.br\/servidor\/wp-json\/wp\/v2\/media?parent=19754"}],"wp:term":[{"taxonomy":"category","embeddable":true,"href":"https:\/\/blogs.correiobraziliense.com.br\/servidor\/wp-json\/wp\/v2\/categories?post=19754"},{"taxonomy":"post_tag","embeddable":true,"href":"https:\/\/blogs.correiobraziliense.com.br\/servidor\/wp-json\/wp\/v2\/tags?post=19754"}],"curies":[{"name":"wp","href":"https:\/\/api.w.org\/{rel}","templated":true}]}}