{"id":19744,"date":"2021-06-09T22:32:19","date_gmt":"2021-06-10T01:32:19","guid":{"rendered":"https:\/\/blogs.correiobraziliense.com.br\/servidor\/?p=19744"},"modified":"2021-06-10T13:17:35","modified_gmt":"2021-06-10T16:17:35","slug":"tjdft-determina-isencao-no-ir-e-restituicao-de-valores-descontados-a-aposentado-com-alzheimer","status":"publish","type":"post","link":"https:\/\/blogs.correiobraziliense.com.br\/servidor\/tjdft-determina-isencao-no-ir-e-restituicao-de-valores-descontados-a-aposentado-com-alzheimer\/","title":{"rendered":"TJDFT determina isen\u00e7\u00e3o no IR e restitui\u00e7\u00e3o de valores descontados a aposentado com Alzheimer"},"content":{"rendered":"<p><em><strong>O Tribunal de Justi\u00e7a do Distrito Federal e Territ\u00f3rios (TJDFT) reconheceu a isen\u00e7\u00e3o de Imposto de Renda a servidor p\u00fablico aposentado, com o mal de Alzheimer, e condenou o Distrito Federal e o Instituto de Previd\u00eancia dos Servidores do DF (Iprev) a restituir os valores indevidamente descontados desde a data do diagn\u00f3stico da doen\u00e7a<\/strong><\/em><\/p>\n<p><img loading=\"lazy\" decoding=\"async\" class=\"alignright size-full wp-image-19745\" src=\"https:\/\/blogs.correiobraziliense.com.br\/servidor\/wp-content\/uploads\/sites\/10\/2021\/06\/MAL-DE-ALZHEIMER.jpg\" alt=\"\" width=\"1023\" height=\"682\" \/><\/p>\n<p>O Desembargador Te\u00f3filo Caetano ressaltou que, embora a doen\u00e7a n\u00e3o esteja no rol taxativo do art. 6\u00ba, inciso XIV, da Lei n. 7.713\/88 deixa evidente que o mal de Alzheimer implica na aliena\u00e7\u00e3o mental da pessoa afetada, &#8220;a qual est\u00e1 compreendida na disposi\u00e7\u00e3o legal&#8221;. O ac\u00f3rd\u00e3o foi publicado no dia 1\u00ba de junho.<\/p>\n<p>O advogado Paulo Liporaci, especialista em direito administrativo e s\u00f3cio do escrit\u00f3rio Paulo Liporaci Advogados, explica que a peculiaridade referente \u00e0 aliena\u00e7\u00e3o mental prevista na norma tem como base o fato de que essa n\u00e3o se constitui como uma doen\u00e7a em sentido estrito, mas em estado cuja constata\u00e7\u00e3o depende de um diagn\u00f3stico m\u00e9dico espec\u00edfico e afirmativo. Assim, \u201c\u00e9 necess\u00e1rio que primeiro se reconhe\u00e7a a exist\u00eancia de uma patologia e, depois, verifique-se a sua conforma\u00e7\u00e3o \u00e0 hip\u00f3tese legalmente estabelecida.\u201d.<\/p>\n<p>Paulo Liporaci ainda esclarece que o deferimento da isen\u00e7\u00e3o depender\u00e1 de certos fatores, mas, em regra, algumas doen\u00e7as s\u00e3o aceitas pela jurisprud\u00eancia dos tribunais com mais facilidade, como estados de dem\u00eancia (senil, pr\u00e9-senil, mal de Alzheimer), psicoses esquizofr\u00eanicas nos estados cr\u00f4nicos e paranoia e parafrenia tamb\u00e9m em seus estados cr\u00f4nicos.<\/p>\n<p>Assim, aposentados e pensionistas com doen\u00e7as graves que se encaixem nessa gama de mol\u00e9stias podem requerer esse benef\u00edcio fiscal a qualquer momentoao Poder Judici\u00e1rio.<\/p>\n<p>Processo n. 0701465-79.2020.8.07.0018<\/p>\n","protected":false},"excerpt":{"rendered":"<p>O Tribunal de Justi\u00e7a do Distrito Federal e Territ\u00f3rios (TJDFT) reconheceu a isen\u00e7\u00e3o de Imposto de Renda a servidor p\u00fablico aposentado, com o mal de Alzheimer, e condenou o Distrito Federal e o Instituto de Previd\u00eancia dos Servidores do DF (Iprev) a restituir os valores indevidamente descontados desde a data do diagn\u00f3stico da doen\u00e7a O Desembargador Te\u00f3filo Caetano ressaltou que, [&hellip;]<\/p>\n","protected":false},"author":27,"featured_media":0,"comment_status":"open","ping_status":"closed","sticky":false,"template":"","format":"standard","meta":{"footnotes":""},"categories":[2719],"tags":[18965,2536,3690,68,355,4457,18964,739,8,1310],"class_list":["post-19744","post","type-post","status-publish","format-standard","hentry","category-servidor","tag-alienacao-mental","tag-aposentado","tag-desconto","tag-df","tag-imposto-de-renda","tag-iprev","tag-mal-de-alzheimer","tag-restituicao","tag-servidor","tag-tjdft"],"_links":{"self":[{"href":"https:\/\/blogs.correiobraziliense.com.br\/servidor\/wp-json\/wp\/v2\/posts\/19744","targetHints":{"allow":["GET"]}}],"collection":[{"href":"https:\/\/blogs.correiobraziliense.com.br\/servidor\/wp-json\/wp\/v2\/posts"}],"about":[{"href":"https:\/\/blogs.correiobraziliense.com.br\/servidor\/wp-json\/wp\/v2\/types\/post"}],"author":[{"embeddable":true,"href":"https:\/\/blogs.correiobraziliense.com.br\/servidor\/wp-json\/wp\/v2\/users\/27"}],"replies":[{"embeddable":true,"href":"https:\/\/blogs.correiobraziliense.com.br\/servidor\/wp-json\/wp\/v2\/comments?post=19744"}],"version-history":[{"count":2,"href":"https:\/\/blogs.correiobraziliense.com.br\/servidor\/wp-json\/wp\/v2\/posts\/19744\/revisions"}],"predecessor-version":[{"id":19750,"href":"https:\/\/blogs.correiobraziliense.com.br\/servidor\/wp-json\/wp\/v2\/posts\/19744\/revisions\/19750"}],"wp:attachment":[{"href":"https:\/\/blogs.correiobraziliense.com.br\/servidor\/wp-json\/wp\/v2\/media?parent=19744"}],"wp:term":[{"taxonomy":"category","embeddable":true,"href":"https:\/\/blogs.correiobraziliense.com.br\/servidor\/wp-json\/wp\/v2\/categories?post=19744"},{"taxonomy":"post_tag","embeddable":true,"href":"https:\/\/blogs.correiobraziliense.com.br\/servidor\/wp-json\/wp\/v2\/tags?post=19744"}],"curies":[{"name":"wp","href":"https:\/\/api.w.org\/{rel}","templated":true}]}}