{"id":19741,"date":"2021-06-09T06:18:51","date_gmt":"2021-06-09T09:18:51","guid":{"rendered":"https:\/\/blogs.correiobraziliense.com.br\/servidor\/?p=19741"},"modified":"2021-06-08T23:39:32","modified_gmt":"2021-06-09T02:39:32","slug":"servidores-farao-mobilizacao-contra-a-reforma-administrativa-no-dia-23-de-junho","status":"publish","type":"post","link":"https:\/\/blogs.correiobraziliense.com.br\/servidor\/servidores-farao-mobilizacao-contra-a-reforma-administrativa-no-dia-23-de-junho\/","title":{"rendered":"Servidores far\u00e3o mobiliza\u00e7\u00e3o contra a reforma administrativa no dia 23 de junho"},"content":{"rendered":"<p><em><strong>Mais de 100 entidades nacionais representativas de servidores estaduais, municipais e federais enviam um &#8220;alerta geral \u00e0 na\u00e7\u00e3o&#8221; para informar que, no pr\u00f3ximo dia 23 de junho, far\u00e3o atos de protesto contra a PEC 32\/2020, que define as regras para a reforma administrativa<\/strong><\/em><\/p>\n<p><img loading=\"lazy\" decoding=\"async\" class=\"alignright size-full wp-image-19742\" src=\"https:\/\/blogs.correiobraziliense.com.br\/servidor\/wp-content\/uploads\/sites\/10\/2021\/06\/REFORMA-ADMINISTRATIVA-MOBILIZA\u00c7\u00c3O.jpg\" alt=\"\" width=\"900\" height=\"900\" \/><\/p>\n<p>No texto, os servidores pedem &#8220;\u00e0 sociedade que reaja contra a Reforma Administrativa, contra o\u00a0desmantelamento do servi\u00e7o p\u00fablico e pressionem seus deputados federais\u00a0para que n\u00e3o aprovem essa proposta&#8221;.<\/p>\n<p>&#8220;Acima de tudo, essa defesa do servi\u00e7o p\u00fablico \u00e9 pelo pa\u00eds e por voc\u00ea, cidad\u00e3o\u00a0brasileiro! N\u00e3o ser\u00e3o fake news nem narrativas falsas que ir\u00e3o esconder o\u00a0desservi\u00e7o \u00e0 Na\u00e7\u00e3o que estamos vendo com esta proposta de sucateamento dos\u00a0servi\u00e7os p\u00fablicos e desmonte das redes de prote\u00e7\u00e3o social&#8221;, apelam.<\/p>\n<p>Veja o alerta, na \u00edntegra:<\/p>\n<p>&#8220;ALERTA GERAL \u00c0 NA\u00c7\u00c3O 23\/06<br \/>\nMOBILIZA\u00c7\u00c3O NACIONAL\u00a0CONTRA A REFORMA ADMINISTRATIVA PEC 32\/20<\/p>\n<p>As entidades nacionais, estaduais e municipais, das mais diversas\u00a0categorias do Servi\u00e7o P\u00fablico alertam toda sociedade, imprensa e\u00a0principalmente a classe pol\u00edtica: estaremos mobilizados em todo pa\u00eds no dia\u00a023\/06\/2021 contra a tramita\u00e7\u00e3o da PEC 32\/2020 no Congresso Nacional.\u00a0Intitulada como Reforma Administrativa, a PEC 32\/2020 \u00e9 t\u00e3o prejudicial\u00a0ao povo brasileiro pelos graves danos que trar\u00e1 ao pa\u00eds que conseguiu unir\u00a0todos contra ela.<\/p>\n<p>Esta mudan\u00e7a constitucional n\u00e3o busca a efici\u00eancia ou maior\u00a0profissionaliza\u00e7\u00e3o dos servi\u00e7os p\u00fablicos, como educa\u00e7\u00e3o, sa\u00fade, seguran\u00e7a\u00a0p\u00fablica, Justi\u00e7a, assist\u00eancia social, previd\u00eancia, meio ambiente, dentre outros<br \/>\nfundamentais para o desenvolvimento humano, social, cultural, institucional e\u00a0econ\u00f4mico do pa\u00eds. Busca atender a interesses estranhos aos do povo\u00a0brasileiro.<\/p>\n<p>O setor privado \u00e9 essencial \u00e0 produ\u00e7\u00e3o de riquezas, empregos e ao\u00a0desenvolvimento da Na\u00e7\u00e3o. N\u00e3o se nega esta verdade. Por\u00e9m, o Estado, com o\u00a0conjunto de \u00f3rg\u00e3os que o integra nas diferentes finalidades, \u00e9 o garantidor de<br \/>\nseu pleno funcionamento e equil\u00edbrio na preserva\u00e7\u00e3o das redes de prote\u00e7\u00e3o\u00a0social e servi\u00e7os p\u00fablicos essenciais \u00e0 popula\u00e7\u00e3o.<\/p>\n<p>Deste modo, ao se estabelecer regras de flexibiliza\u00e7\u00e3o e terceiriza\u00e7\u00e3o de\u00a0servi\u00e7os p\u00fablicos essenciais \u00e0 popula\u00e7\u00e3o, bem como concentrar nas m\u00e3os do\u00a0Poder Executivo prerrogativas in\u00fameras por Decreto Aut\u00f4nomo, para mudar a<br \/>\nestrutura da Administra\u00e7\u00e3o P\u00fablica de acordo com sua vontade pol\u00edtica e\u00a0pessoal, a PEC da Reforma Administrativa acaba por criar uma situa\u00e7\u00e3o\u00a0incompat\u00edvel com o regime republicano e democr\u00e1tico.<\/p>\n<p>Manter um\u00a0funcionalismo p\u00fablico com v\u00ednculo e responsabilidade funcional nos protege\u00a0destas inger\u00eancias, sendo um claro exemplo os absurdos recentemente\u00a0verificados na \u00e1rea ambiental, em que gra\u00e7as \u00e0 estabilidade dos servidores\u00a0resistiram-se \u00e0s press\u00f5es contr\u00e1rias em desfavor de suas atua\u00e7\u00f5es legais e\u00a0constitucionais.\u00a0A sociedade brasileira demorou s\u00e9culos para consolidar um servi\u00e7o\u00a0p\u00fablico eficiente, de carreira, sem apadrinhamentos e domina\u00e7\u00e3o politiqueira.<\/p>\n<p>E, estamos vendo a triste e vergonhosa manipula\u00e7\u00e3o da opini\u00e3o p\u00fablica, com\u00a0medidas como essa, de desmonte dos servi\u00e7os p\u00fablicos e das redes de prote\u00e7\u00e3o\u00a0social, com reflexos nocivos ao desenvolvimento nacional, agora agravada com\u00a0o risco de ter um servi\u00e7o p\u00fablico influenciado pelo patrimonialismo,\u00a0clientelismo e inger\u00eancias pol\u00edticas de toda ordem.<\/p>\n<p>Pedimos \u00e0 sociedade que reaja contra a Reforma Administrativa, contra o\u00a0desmantelamento do servi\u00e7o p\u00fablico e pressionem seus deputados federais\u00a0para que n\u00e3o aprovem essa proposta.<\/p>\n<p>Acima de tudo, essa defesa do servi\u00e7o p\u00fablico \u00e9 pelo pa\u00eds e por voc\u00ea, cidad\u00e3o\u00a0brasileiro! N\u00e3o ser\u00e3o fake news nem narrativas falsas que ir\u00e3o esconder o\u00a0desservi\u00e7o \u00e0 Na\u00e7\u00e3o que estamos vendo com esta proposta de sucateamento dos\u00a0servi\u00e7os p\u00fablicos e desmonte das redes de prote\u00e7\u00e3o social.&#8221;<\/p>\n","protected":false},"excerpt":{"rendered":"<p>Mais de 100 entidades nacionais representativas de servidores estaduais, municipais e federais enviam um &#8220;alerta geral \u00e0 na\u00e7\u00e3o&#8221; para informar que, no pr\u00f3ximo dia 23 de junho, far\u00e3o atos de protesto contra a PEC 32\/2020, que define as regras para a reforma administrativa No texto, os servidores pedem &#8220;\u00e0 sociedade que reaja contra a Reforma Administrativa, contra o\u00a0desmantelamento do servi\u00e7o [&hellip;]<\/p>\n","protected":false},"author":27,"featured_media":0,"comment_status":"open","ping_status":"closed","sticky":false,"template":"","format":"standard","meta":{"footnotes":""},"categories":[2719],"tags":[1497,1298,11855,481,18170,16308,718,3236,15938,751,575,58],"class_list":["post-19741","post","type-post","status-publish","format-standard","hentry","category-servidor","tag-aprovacao","tag-deputados","tag-fake-news","tag-mobilizacao","tag-pec-32-2020","tag-protecao-social","tag-protesto","tag-redes","tag-reforma-administrativa","tag-regras","tag-servico-publico","tag-servidores"],"_links":{"self":[{"href":"https:\/\/blogs.correiobraziliense.com.br\/servidor\/wp-json\/wp\/v2\/posts\/19741","targetHints":{"allow":["GET"]}}],"collection":[{"href":"https:\/\/blogs.correiobraziliense.com.br\/servidor\/wp-json\/wp\/v2\/posts"}],"about":[{"href":"https:\/\/blogs.correiobraziliense.com.br\/servidor\/wp-json\/wp\/v2\/types\/post"}],"author":[{"embeddable":true,"href":"https:\/\/blogs.correiobraziliense.com.br\/servidor\/wp-json\/wp\/v2\/users\/27"}],"replies":[{"embeddable":true,"href":"https:\/\/blogs.correiobraziliense.com.br\/servidor\/wp-json\/wp\/v2\/comments?post=19741"}],"version-history":[{"count":1,"href":"https:\/\/blogs.correiobraziliense.com.br\/servidor\/wp-json\/wp\/v2\/posts\/19741\/revisions"}],"predecessor-version":[{"id":19743,"href":"https:\/\/blogs.correiobraziliense.com.br\/servidor\/wp-json\/wp\/v2\/posts\/19741\/revisions\/19743"}],"wp:attachment":[{"href":"https:\/\/blogs.correiobraziliense.com.br\/servidor\/wp-json\/wp\/v2\/media?parent=19741"}],"wp:term":[{"taxonomy":"category","embeddable":true,"href":"https:\/\/blogs.correiobraziliense.com.br\/servidor\/wp-json\/wp\/v2\/categories?post=19741"},{"taxonomy":"post_tag","embeddable":true,"href":"https:\/\/blogs.correiobraziliense.com.br\/servidor\/wp-json\/wp\/v2\/tags?post=19741"}],"curies":[{"name":"wp","href":"https:\/\/api.w.org\/{rel}","templated":true}]}}