{"id":19737,"date":"2021-06-07T16:36:17","date_gmt":"2021-06-07T19:36:17","guid":{"rendered":"https:\/\/blogs.correiobraziliense.com.br\/servidor\/?p=19737"},"modified":"2021-06-07T16:37:50","modified_gmt":"2021-06-07T19:37:50","slug":"asmetro-sn-lanca-o-livro-lucro-social-ferramenta-de-transparencia-e-gestao-no-setor-publico","status":"publish","type":"post","link":"https:\/\/blogs.correiobraziliense.com.br\/servidor\/asmetro-sn-lanca-o-livro-lucro-social-ferramenta-de-transparencia-e-gestao-no-setor-publico\/","title":{"rendered":"Asmetro-SN lan\u00e7a o livro Lucro Social \u2013 Ferramenta de Transpar\u00eancia e Gest\u00e3o no Setor P\u00fablico"},"content":{"rendered":"<p><em><strong>O livro \u201cLucro Social: Ferramenta de Transpar\u00eancia e Gest\u00e3o no Setor P\u00fablico&#8221;, uma publica\u00e7\u00e3o do Sindicato Nacional dos Servidores do Inmetro (Asmetro-SN), de autoria de Rodrigo Ozanan, est\u00e1 dispon\u00edvel na livraria virtual da Amazon. Colaboraram na publica\u00e7\u00e3o Sergio Ballerini (pref\u00e1cio) e Rodrigo Costa-Felix (editor).<\/strong><\/em><\/p>\n<p><img loading=\"lazy\" decoding=\"async\" class=\"alignright size-full wp-image-19738\" src=\"https:\/\/blogs.correiobraziliense.com.br\/servidor\/wp-content\/uploads\/sites\/10\/2021\/06\/ASMETRO-LIVRO.jpg\" alt=\"\" width=\"324\" height=\"499\" \/><\/p>\n<p>A pandemia mostra que o mundo est\u00e1 diante de situa\u00e7\u00f5es completamente novas, que dever\u00e3o apontar a\u00e7\u00f5es necess\u00e1rias para a consagra\u00e7\u00e3o do Lucro Social, na rela\u00e7\u00e3o entre servi\u00e7o p\u00fablico e consumidor.\u00a0&#8220;Afinal, Lucro Social no setor p\u00fablico \u00e9 ferramenta muito mais poderosa, assumindo que a sociedade \u00e9 o patr\u00e3o e o benefici\u00e1rio direto das a\u00e7\u00f5es decorrentes de empresas p\u00fablicas&#8221;. assinala a nota do Asmetro.<\/p>\n<p>A globaliza\u00e7\u00e3o, as demandas da sociedade e a credibilidade, vetor potencial de escolha, dever\u00e3o ter novos formatos e exig\u00eancias a partir da pandemia do \u201ccorona v\u00edrus\u201d (Covid-19). Tanto o trabalho presencial como o \u201chome office\u201d nas empresas p\u00fablicas devem ser mais um elemento crucial para debate nas oficinas de Lucro Social do Asmetro-SN.<\/p>\n<p>Levar \u00e0 mesa de discuss\u00e3o o leque de novas quest\u00f5es que v\u00e3o emergir desse momento de dificuldades, desafios, sobreviv\u00eancia e, sobretudo, de esperan\u00e7a \u00e9 um dos objetivos do Asmetro-SN, com a realiza\u00e7\u00e3o das novas oficinas de Lucro Social.<\/p>\n<p>Baseado no modelo Embrapa de Lucro Social, desde 2009, o Asmetro-SN vem desenvolvendo a sua pr\u00f3pria metodologia.\u00a0Desde 2014, o Sindicato j\u00e1 realizou dezenas de oficinas, reunindo representantes de minist\u00e9rios, sindicatos e do setor p\u00fablico em geral, de todas as regi\u00f5es da federa\u00e7\u00e3o.<\/p>\n<p>&#8220;Vamos buscar, portanto, formas de posicionamento, de valoriza\u00e7\u00e3o do trabalho, tantas vezes pouco reconhecido. Lucro Social \u00e9, sem d\u00favida, a demonstra\u00e7\u00e3o p\u00fablica de que h\u00e1 muito a oferecer de nosso trabalho, muitas vezes invis\u00edvel, \u00e1rduo, dedicado, em prol da sociedade&#8221;, ressalta a entidade.<\/p>\n<p>Nas oficinas, o Asmetro-SN desenvolve atividades capazes de levar o servidor p\u00fablico a visualizar o quanto a sua atividade \u00e9 permeada de valores \u2014 em geral, despercebidos.<\/p>\n<p>&#8220;Buscamos a valoriza\u00e7\u00e3o do trabalho do servidor p\u00fablico e de suas potencialidades, visando, assim, ao fortalecimento da credibilidade de suas a\u00e7\u00f5es. As oficinas t\u00eam possibilitado esse debate democr\u00e1tico, em sintonia com as demandas do consumidor, cada vez mais exigente e bem informado&#8221;, refor\u00e7a.<\/p>\n<p>O livro \u201cLUCRO SOCIAL: FERRAMENTA DE TRANSPAR\u00caNCIA E GEST\u00c3O NO SETOR P\u00daBLICO\u201d uma publica\u00e7\u00e3o do ASMETRO-SN e de autoria de Rodrigo Ozanan est\u00e1 dispon\u00edvel na livraria virtual da Amazon. Colaboraram na publica\u00e7\u00e3o Sergio Ballerini (pref\u00e1cio) e Rodrigo Costa-Felix (editor).<\/p>\n<p>Vers\u00e3o impressa (ISBN 979-8-51-051755-2): www.amazon.com\/dp\/B095NTM23Y<br \/>\nVers\u00e3o eBook (Kindle \u2013 ASIN B095XNTXRL): www.amazon.com.br\/dp\/B095XNTXRL<\/p>\n","protected":false},"excerpt":{"rendered":"<p>O livro \u201cLucro Social: Ferramenta de Transpar\u00eancia e Gest\u00e3o no Setor P\u00fablico&#8221;, uma publica\u00e7\u00e3o do Sindicato Nacional dos Servidores do Inmetro (Asmetro-SN), de autoria de Rodrigo Ozanan, est\u00e1 dispon\u00edvel na livraria virtual da Amazon. Colaboraram na publica\u00e7\u00e3o Sergio Ballerini (pref\u00e1cio) e Rodrigo Costa-Felix (editor). A pandemia mostra que o mundo est\u00e1 diante de situa\u00e7\u00f5es completamente novas, que dever\u00e3o apontar a\u00e7\u00f5es [&hellip;]<\/p>\n","protected":false},"author":27,"featured_media":0,"comment_status":"open","ping_status":"closed","sticky":false,"template":"","format":"standard","meta":{"footnotes":""},"categories":[2719],"tags":[5260,3782,17256,1845,390,2074,2302,18108,4010,12406,17255,58,351],"class_list":["post-19737","post","type-post","status-publish","format-standard","hentry","category-servidor","tag-asmetro-sn","tag-beneficiario","tag-covid-19","tag-desafios","tag-empresas","tag-globalizacao","tag-home-office","tag-lucro-social","tag-metodologia","tag-oficinas","tag-pandemia","tag-servidores","tag-sociedade"],"_links":{"self":[{"href":"https:\/\/blogs.correiobraziliense.com.br\/servidor\/wp-json\/wp\/v2\/posts\/19737","targetHints":{"allow":["GET"]}}],"collection":[{"href":"https:\/\/blogs.correiobraziliense.com.br\/servidor\/wp-json\/wp\/v2\/posts"}],"about":[{"href":"https:\/\/blogs.correiobraziliense.com.br\/servidor\/wp-json\/wp\/v2\/types\/post"}],"author":[{"embeddable":true,"href":"https:\/\/blogs.correiobraziliense.com.br\/servidor\/wp-json\/wp\/v2\/users\/27"}],"replies":[{"embeddable":true,"href":"https:\/\/blogs.correiobraziliense.com.br\/servidor\/wp-json\/wp\/v2\/comments?post=19737"}],"version-history":[{"count":2,"href":"https:\/\/blogs.correiobraziliense.com.br\/servidor\/wp-json\/wp\/v2\/posts\/19737\/revisions"}],"predecessor-version":[{"id":19740,"href":"https:\/\/blogs.correiobraziliense.com.br\/servidor\/wp-json\/wp\/v2\/posts\/19737\/revisions\/19740"}],"wp:attachment":[{"href":"https:\/\/blogs.correiobraziliense.com.br\/servidor\/wp-json\/wp\/v2\/media?parent=19737"}],"wp:term":[{"taxonomy":"category","embeddable":true,"href":"https:\/\/blogs.correiobraziliense.com.br\/servidor\/wp-json\/wp\/v2\/categories?post=19737"},{"taxonomy":"post_tag","embeddable":true,"href":"https:\/\/blogs.correiobraziliense.com.br\/servidor\/wp-json\/wp\/v2\/tags?post=19737"}],"curies":[{"name":"wp","href":"https:\/\/api.w.org\/{rel}","templated":true}]}}