{"id":1973,"date":"2016-06-19T16:28:17","date_gmt":"2016-06-19T19:28:17","guid":{"rendered":"https:\/\/blogs.correiobraziliense.com.br\/servidor\/?p=1973"},"modified":"2016-06-19T16:28:17","modified_gmt":"2016-06-19T19:28:17","slug":"governo-volta-derrubar-beneficiarios-do-comando-da-geap","status":"publish","type":"post","link":"https:\/\/blogs.correiobraziliense.com.br\/servidor\/governo-volta-derrubar-beneficiarios-do-comando-da-geap\/","title":{"rendered":"Governo volta a derrubar benefici\u00e1rios do comando da Geap"},"content":{"rendered":"<p><em>Reajuste de 37,55% continua em vigor. Benefici\u00e1rios sequer chegaram a desfrutar do controle<\/em><\/p>\n<p>A vit\u00f3ria durou pouco. Em menos de 24 horas, a Casa Civil da Presid\u00eancia da Rep\u00fablica derrubou a liminar que os benefici\u00e1rios da Geap Autogest\u00e3o, maior plano de sa\u00fade dos servidores, haviam conseguido para assumir o controle do Conselho de Administra\u00e7\u00e3o (Conad) e reduzir o aumento nas mensalidades dos assistidos de 37,55% para 20%. O documento anterior, assinado pelo desembargador federal Ant\u00f4nio Souza Prudente, na sexta-feira (17), perdeu a validade, ap\u00f3s a nova decis\u00e3o do desembargador federal Hilton Queiroz, presidente do Tribunal (TRF1), no plant\u00e3o, acolher os argumentos da Uni\u00e3o.<\/p>\n<p>\u00c1s 22h26 de s\u00e1bado (18), Hilton Queiroz concordou que, caso o percentual de 20%, referente \u00e0 infla\u00e7\u00e3o m\u00e9dica, seja aplicado h\u00e1 &#8220;possibilidade da insolv\u00eancia da Geap, com preju\u00edzo manifesto a milhares de benefici\u00e1rios de seus servi\u00e7os&#8221;. Ele entendeu, ainda, que os representantes do governo n\u00e3o tiveram &#8220;a adequada ampla defesa e contradit\u00f3rio&#8221;. Dessa forma, La\u00e9rcio Roberto Lemos de Souza continua como presidente do Conad, em substitui\u00e7\u00e3o a Irineu Messias de Ara\u00fajo.<\/p>\n","protected":false},"excerpt":{"rendered":"<p>Reajuste de 37,55% continua em vigor. Benefici\u00e1rios sequer chegaram a desfrutar do controle A vit\u00f3ria durou pouco. Em menos de 24 horas, a Casa Civil da Presid\u00eancia da Rep\u00fablica derrubou a liminar que os benefici\u00e1rios da Geap Autogest\u00e3o, maior plano de sa\u00fade dos servidores, haviam conseguido para assumir o controle do Conselho de Administra\u00e7\u00e3o (Conad) e reduzir o aumento nas [&hellip;]<\/p>\n","protected":false},"author":27,"featured_media":0,"comment_status":"open","ping_status":"closed","sticky":false,"template":"","format":"standard","meta":{"footnotes":""},"categories":[1],"tags":[2405,75,980,766,1776,2095,2404,76,98,1057,615,1195,616,58,2063],"class_list":["post-1973","post","type-post","status-publish","format-standard","hentry","category-sem-categoria","tag-assistidos","tag-aumento","tag-beneficiarios","tag-casa-civil","tag-comando","tag-conad","tag-derrubar","tag-geap","tag-governo","tag-mensalidades","tag-plano","tag-reduzir","tag-saude","tag-servidores","tag-volta"],"_links":{"self":[{"href":"https:\/\/blogs.correiobraziliense.com.br\/servidor\/wp-json\/wp\/v2\/posts\/1973","targetHints":{"allow":["GET"]}}],"collection":[{"href":"https:\/\/blogs.correiobraziliense.com.br\/servidor\/wp-json\/wp\/v2\/posts"}],"about":[{"href":"https:\/\/blogs.correiobraziliense.com.br\/servidor\/wp-json\/wp\/v2\/types\/post"}],"author":[{"embeddable":true,"href":"https:\/\/blogs.correiobraziliense.com.br\/servidor\/wp-json\/wp\/v2\/users\/27"}],"replies":[{"embeddable":true,"href":"https:\/\/blogs.correiobraziliense.com.br\/servidor\/wp-json\/wp\/v2\/comments?post=1973"}],"version-history":[{"count":1,"href":"https:\/\/blogs.correiobraziliense.com.br\/servidor\/wp-json\/wp\/v2\/posts\/1973\/revisions"}],"predecessor-version":[{"id":1974,"href":"https:\/\/blogs.correiobraziliense.com.br\/servidor\/wp-json\/wp\/v2\/posts\/1973\/revisions\/1974"}],"wp:attachment":[{"href":"https:\/\/blogs.correiobraziliense.com.br\/servidor\/wp-json\/wp\/v2\/media?parent=1973"}],"wp:term":[{"taxonomy":"category","embeddable":true,"href":"https:\/\/blogs.correiobraziliense.com.br\/servidor\/wp-json\/wp\/v2\/categories?post=1973"},{"taxonomy":"post_tag","embeddable":true,"href":"https:\/\/blogs.correiobraziliense.com.br\/servidor\/wp-json\/wp\/v2\/tags?post=1973"}],"curies":[{"name":"wp","href":"https:\/\/api.w.org\/{rel}","templated":true}]}}