{"id":1971,"date":"2016-06-18T11:53:47","date_gmt":"2016-06-18T14:53:47","guid":{"rendered":"https:\/\/blogs.correiobraziliense.com.br\/servidor\/?p=1971"},"modified":"2016-06-18T11:53:47","modified_gmt":"2016-06-18T14:53:47","slug":"servidores-da-cgu-fazem-novo-ato-contra-mp-7262016-na-terca-feira","status":"publish","type":"post","link":"https:\/\/blogs.correiobraziliense.com.br\/servidor\/servidores-da-cgu-fazem-novo-ato-contra-mp-7262016-na-terca-feira\/","title":{"rendered":"Servidores da CGU fazem novo ato contra a MP 726\/2016, na ter\u00e7a-feira"},"content":{"rendered":"<p><em>Em Bras\u00edlia, atividade ser\u00e1 em frente do \u00f3rg\u00e3o, \u00e0s 14h30. Em 41 dias, movimento conquistou, pelo menos, 27 emendas, al\u00e9m do apoio da sociedade civil e de organiza\u00e7\u00f5es nacionais e internacionais<\/em><\/p>\n<p>Servidores da Controladoria-Geral da Uni\u00e3o (CGU) completam 41 dias de luta contra a Medida Provis\u00f3ria 726\/2016 na pr\u00f3xima ter\u00e7a-feira, 21 de junho, com ato p\u00fablico nacional. Em Bras\u00edlia, mobiliza\u00e7\u00e3o ser\u00e1 em frente do \u00f3rg\u00e3o, \u00e0s 14h30. Na \u00faltima consulta realizada pelo Unacon Sindical, a carreira deliberou pela continuidade do Movimento em Defesa da CGU (relembre\u00a0<a href=\"http:\/\/www.unacon.org.br\/cno-3823\/carreira-decide-intensificar-mobilizacao\/\">aqui<\/a>\u00a0e\u00a0<a href=\"http:\/\/www.unacon.org.br\/cno-3824\/servidores-cruzam-os-bracos-nos-dias-14-e-15-de-junho\/\">aqui<\/a>). Este \u00e9 o 7\u00ba protesto do pelo Unacon Sindical.<\/p>\n<p>O Sindicato trabalha para que o governo revise a Medida Provis\u00f3ria 726\/2016. Publicada no dia 12 de maio, a MP tem dura\u00e7\u00e3o de 60 dias prorrog\u00e1veis por mais 60. Al\u00e9m de alterar para minist\u00e9rio da Transpar\u00eancia, Fiscaliza\u00e7\u00e3o e Controle a denomina\u00e7\u00e3o da Controladoria, apelidado de Minitrafico pelos servidores, a MP retira a vincula\u00e7\u00e3o do \u00f3rg\u00e3o da Presid\u00eancia da Rep\u00fablica.<\/p>\n<p><strong>AVAN\u00c7O<\/strong><\/p>\n<p>Em 41 dias, o movimento registra, pelo menos, 27 emendas de supress\u00e3o dos incisos que alteram a denomina\u00e7\u00e3o da Controladoria (relembre\u00a0<a href=\"http:\/\/www.unacon.org.br\/cno-3784\/em-apenas-uma-semana-movimento-em-defesa-da-cgu-conquista-27-emendas\/\">aqui<\/a>).<\/p>\n<p>O apoio da sociedade civil e de organiza\u00e7\u00f5es nacionais e internacionais tamb\u00e9m marca a for\u00e7a da press\u00e3o da carreira (saiba mais\u00a0<a href=\"http:\/\/www.unacon.org.br\/cno-3786\/entidades-da-sociedade-civil-manifestam-preocupacao-com-o-fim-da-cgu\/\">aqui<\/a>). Carlos Fernando Santos Lima, procurador regional da Rep\u00fablica membro da For\u00e7a Tarefa da Opera\u00e7\u00e3o Lava-Jato, tamb\u00e9m manifestou apoio ao Movimento em Defesa da CGU (relembre\u00a0<a href=\"http:\/\/www.unacon.org.br\/cno-3787\/procurador-da-lava-jato-manifesta-apoio-ao-movimento-em-defesa-da-cgu\/\">aqui<\/a>).<\/p>\n<p>No Rio Grande do Norte, representantes de v\u00e1rias institui\u00e7\u00f5es como Minist\u00e9rio P\u00fablico Federal, Advocacia-Geral da Uni\u00e3o, Minist\u00e9rio P\u00fablico Estadual, Controladoria-Geral do Estado, entre outros, debateram o papel da CGU no combate \u00e0 corrup\u00e7\u00e3o. Noticiado pela m\u00eddia, o encontro aconteceu no dia 13 de junho (leia\u00a0<a href=\"http:\/\/g1.globo.com\/rn\/rio-grande-do-norte\/noticia\/2016\/06\/natal-recebe-forum-de-combate-corrupcao-nesta-segunda-feira-13.html\">aqui<\/a>). A mobiliza\u00e7\u00e3o dos estados tamb\u00e9m teve importantes desdobramentos (saiba mais\u00a0<a href=\"http:\/\/www.unacon.org.br\/cno-3812\/movimento-em-defesa-da-cgu-ganha-impulso-nos-estados\/\">aqui<\/a>).<\/p>\n<p>&nbsp;<\/p>\n<p><strong>HIST\u00d3RICO DE PROTESTOS<\/strong><\/p>\n<p>14 e 15 de junho &#8211;\u00a0<a href=\"http:\/\/www.unacon.org.br\/cno-3832\/df-avanca-na-conquista-de-apoio-ao-movimento-em-defesa-da-cgu\/\">DF avan\u00e7a na conquista de apoio ao movimento em defesa da CGU<\/a><\/p>\n<p>1\u00ba de junho &#8211;\u00a0<a href=\"http:\/\/www.unacon.org.br\/cno-3811\/caravana-de-26-estados-marca-presenca-no-ato-desta-quarta-1\/\">Caravana de 26 estados marca presen\u00e7a no ato desta quarta, 1\u00ba<\/a><\/p>\n<p>30 de maio &#8211;\u00a0<a href=\"http:\/\/www.unacon.org.br\/cno-3805\/movimento-em-defesa-da-cgu-ganha-mais-forca-com-a-saida-do-ministro\/\">Movimento em Defesa da CGU ganha mais for\u00e7a com a sa\u00edda do ministro<\/a><\/p>\n<p>25 de maio &#8211;\u00a0<a href=\"http:\/\/www.unacon.org.br\/cno-3797\/terceiro-ato-em-defesa-da-cgu-resulta-em-caminhada-ate-o-palacio-do-planalto\/\">Terceiro ato em defesa da CGU resulta em caminhada at\u00e9 o Pal\u00e1cio do Planalto<\/a><\/p>\n<p>24 de maio &#8211;\u00a0<a href=\"http:\/\/www.unacon.org.br\/cno-3791\/responsavel-pela-reforma-administrativa-juca-e-alvo-de-criticas-em-ato-no-df\/\">Respons\u00e1vel pela reforma administrativa, Juc\u00e1 \u00e9 alvo de cr\u00edticas em ato no DF<\/a><\/p>\n<p>18 de maio &#8211;\u00a0<a href=\"http:\/\/www.unacon.org.br\/cno-3781\/em-brasilia-forte-adesao-de-servidores-marca-primeiro-ato-em-defesa-da-cgu\/\">Em Bras\u00edlia, forte ades\u00e3o de servidores marca primeiro ato em defesa da CGU<\/a><\/p>\n","protected":false},"excerpt":{"rendered":"<p>Em Bras\u00edlia, atividade ser\u00e1 em frente do \u00f3rg\u00e3o, \u00e0s 14h30. Em 41 dias, movimento conquistou, pelo menos, 27 emendas, al\u00e9m do apoio da sociedade civil e de organiza\u00e7\u00f5es nacionais e internacionais Servidores da Controladoria-Geral da Uni\u00e3o (CGU) completam 41 dias de luta contra a Medida Provis\u00f3ria 726\/2016 na pr\u00f3xima ter\u00e7a-feira, 21 de junho, com ato p\u00fablico nacional. Em Bras\u00edlia, mobiliza\u00e7\u00e3o [&hellip;]<\/p>\n","protected":false},"author":27,"featured_media":0,"comment_status":"open","ping_status":"closed","sticky":false,"template":"","format":"standard","meta":{"footnotes":""},"categories":[1],"tags":[2035,1201,2402,2401,2212,718,58,2403],"class_list":["post-1971","post","type-post","status-publish","format-standard","hentry","category-sem-categoria","tag-cgu","tag-defesa","tag-emendas","tag-mp-7262016","tag-pressao","tag-protesto","tag-servidores","tag-supressao"],"_links":{"self":[{"href":"https:\/\/blogs.correiobraziliense.com.br\/servidor\/wp-json\/wp\/v2\/posts\/1971","targetHints":{"allow":["GET"]}}],"collection":[{"href":"https:\/\/blogs.correiobraziliense.com.br\/servidor\/wp-json\/wp\/v2\/posts"}],"about":[{"href":"https:\/\/blogs.correiobraziliense.com.br\/servidor\/wp-json\/wp\/v2\/types\/post"}],"author":[{"embeddable":true,"href":"https:\/\/blogs.correiobraziliense.com.br\/servidor\/wp-json\/wp\/v2\/users\/27"}],"replies":[{"embeddable":true,"href":"https:\/\/blogs.correiobraziliense.com.br\/servidor\/wp-json\/wp\/v2\/comments?post=1971"}],"version-history":[{"count":1,"href":"https:\/\/blogs.correiobraziliense.com.br\/servidor\/wp-json\/wp\/v2\/posts\/1971\/revisions"}],"predecessor-version":[{"id":1972,"href":"https:\/\/blogs.correiobraziliense.com.br\/servidor\/wp-json\/wp\/v2\/posts\/1971\/revisions\/1972"}],"wp:attachment":[{"href":"https:\/\/blogs.correiobraziliense.com.br\/servidor\/wp-json\/wp\/v2\/media?parent=1971"}],"wp:term":[{"taxonomy":"category","embeddable":true,"href":"https:\/\/blogs.correiobraziliense.com.br\/servidor\/wp-json\/wp\/v2\/categories?post=1971"},{"taxonomy":"post_tag","embeddable":true,"href":"https:\/\/blogs.correiobraziliense.com.br\/servidor\/wp-json\/wp\/v2\/tags?post=1971"}],"curies":[{"name":"wp","href":"https:\/\/api.w.org\/{rel}","templated":true}]}}